{"id":6942,"date":"2015-05-14T04:30:01","date_gmt":"2015-05-14T03:30:01","guid":{"rendered":"http:\/\/2horizontes.com\/?p=6942"},"modified":"2015-05-14T04:30:01","modified_gmt":"2015-05-14T03:30:01","slug":"continuan-pugna-partido-oficialista-republica-dominicana","status":"publish","type":"post","link":"https:\/\/2horizontes.com\/?p=6942","title":{"rendered":"Continuan pugna Partido Oficialista Republica Dominicana"},"content":{"rendered":"<p>Santo Domingo, 13 may (PL) Las pugnas internas en el oficialista Partido de la Liberaci\u00f3n Dominicana (PLD) contin\u00faan hoy y se evidenciaron en el Comit\u00e9 Central de esa fuerza pol\u00edtica.\u00a0De 635 miembros del Comit\u00e9 Central de esa organizaci\u00f3n consultados 363 firmaron un documento en el que \u00a0piden a sus congresistas aprobar la reforma que permitir\u00eda la reelecci\u00f3n presidencial.<\/p>\n<p>Los seguidores del presidente Danilo Medina, que promueven un cambio constitucional que le permita un segundo mandato, ya disponen de 23 votos de los 35 miembros del Comit\u00e9 Pol\u00edtico.<\/p>\n<p>Precisamente esa instancia m\u00e1xima de la organizaci\u00f3n fue la que orient\u00f3 llevar al Congreso el proyecto de reforma constitucional que algunos senadores y diputados del partido se niegan a apoyar.<\/p>\n<p>Los \u201cdanilistas\u201d llaman a los legisladores del PLD a acatar la decisi\u00f3n del Comit\u00e9 Pol\u00edtico, pues el art\u00edculo 25 de los estatutos da a esa instancia la funci\u00f3n de dirigir la pol\u00edtica congresual y municipal del partido.<\/p>\n<p>Asimismo recuerdan a la corriente opuesta, integrada por quienes respaldan un cuarto mandato del ex presidente Leonel Fern\u00e1ndez, que \u201cs\u00f3lo la disciplina y el respeto a los estatutos garantizan la unidad\u201d.<\/p>\n<p>Los 34 diputados de la corriente \u201cleonelista\u201d se declararon \u201cdefensores y garantes de la Constituci\u00f3n de 2010\u2033 que prohibi\u00f3 la reelecci\u00f3n, despu\u00e9s de ser utilizada por Fern\u00e1ndez para lograr desde el poder su tercer mandato. Seg\u00fan ellos, se mantienen alertas y vigilantes para que los procedimientos constitucionales no resulten vulnerados o desconocidos por f\u00f3rmulas que consideran ilegales, atropellantes y antidemocr\u00e1ticas.<\/p>\n<p><strong>\u00a0Mont\u00e1s dice Leonel debi\u00f3 acoger mandato del Comit\u00e9 Pol\u00edtico del PLD<\/strong><\/p>\n<p>SANTO DOMINGO.- El ingeniero Tem\u00edstocles Mont\u00e1s sostuvo \u00e9ste mi\u00e9rcoles que por obligaci\u00f3n estatutaria, el ex presidente Leonel<\/p>\n<p><a href=\"http:\/\/almomento.net\/wp-content\/uploads\/2014\/11\/SDGTYBCVCVmontas,_temistocles_gesticulando_otra.jpg\"><img loading=\"lazy\" decoding=\"async\" class=\" wp-image-7055\" src=\"http:\/\/almomento.net\/wp-content\/uploads\/2014\/11\/SDGTYBCVCVmontas,_temistocles_gesticulando_otra.jpg\" alt=\"Tem\u00edstocles Mont\u00e1s\" width=\"450\" height=\"300\" \/><\/a><\/p>\n<p>Fern\u00e1ndez debi\u00f3 acoger y aplicar la decisi\u00f3n del Comit\u00e9 Pol\u00edtico del PLD que orden\u00f3 el inicio de un proceso de reforma constitucional para facilitar la repostulaci\u00f3n del Presidente Danilo Medina.<\/p>\n<p>\u201cLo que Leonel Fern\u00e1ndez debi\u00f3 hacer al final de la reuni\u00f3n celebrada el 19 de abril por el Comit\u00e9 Pol\u00edtico del Partido de la Liberaci\u00f3n Dominicana (PLD) fue levantar la mano del presidente Danilo Medina y expresar que, a pesar de su desacuerdo con la decisi\u00f3n adoptada por mayor\u00eda de que se busque modificar la Constituci\u00f3n para habilitar la reelecci\u00f3n del gobernante, \u00e9l la respaldaba y la validaba\u201d, expres\u00f3<\/p>\n<p>En una declaraci\u00f3n escrita remitida a 2horizontes.com, \u00a0Mont\u00e1s, fundador del PLD y miembro del Comit\u00e9 Pol\u00edtico, \u00a0agreg\u00f3 que frente a una decisi\u00f3n institucional, el presidente del partido (Leonel Fern\u00e1ndez) debi\u00f3 ser el primero en salir a aplicarla como establecen los estatutos y ha sido la pr\u00e1ctica todo el tiempo.<\/p>\n<p>\u201cSi el presidente del partido (Leonel), el d\u00eda de la reuni\u00f3n del Comit\u00e9 Pol\u00edtico, le habr\u00eda levantado la mano a Danilo y le dijera: \u2018no estoy de acuerdo con la decisi\u00f3n pero la valido, yo la respaldo\u2019\u2026 hoy fuera el l\u00edder de este pa\u00eds, el l\u00edder de este partido\u201d, apunt\u00f3 Mont\u00e1s durante una entrevista en el programa Revista Tele-15, por Digital 15, realizada por Geraldino Gonz\u00e1lez y Ram\u00f3n Puello B\u00e1ez.<\/p>\n<p>Se\u00f1al\u00f3 que, contrario a lo que era su obligaci\u00f3n estatutaria y su deber, Fern\u00e1ndez no hizo eso y sus seguidores se muestran renuentes a aceptar la decisi\u00f3n del Comit\u00e9 Pol\u00edtico del PLD.<\/p>\n<p>\u201cEsto ha generado una situaci\u00f3n que obviamente ha puesto en duda el respeto institucional dentro del partido\u201d, advirti\u00f3 el integrante del Comit\u00e9 Pol\u00edtico pelede\u00edsta seg\u00fan nota informativa de su equipo de prensa.<\/p>\n<p>Subray\u00f3 que el reto ahora es preservar al PLD respetando las instituciones del partido. \u201cY las instituciones del partido quieren que se haga el esfuerzo para validar la reelecci\u00f3n del compa\u00f1ero Danilo Medina por cuatro a\u00f1os m\u00e1s y a partir de ah\u00ed dejar unas reglas de juego claras que benefician a todos los compa\u00f1eros\u201d, agreg\u00f3.<\/p>\n<p>\u201cLo que est\u00e1 en juego es la institucionalidad del Partido. El PLD se ha construido sobre la base del respeto de las mayor\u00edas. La fortaleza del PLD es que las minor\u00edas se someten a la decisi\u00f3n de la mayor\u00eda\u201d, reiter\u00f3 Mont\u00e1s.<\/p>\n<p><a href=\"http:\/\/almomento.net\/wp-content\/uploads\/2015\/05\/alejandrina-germ%C3%A1n.jpg\"><img loading=\"lazy\" decoding=\"async\" class=\"wp-image-99367\" src=\"http:\/\/almomento.net\/wp-content\/uploads\/2015\/05\/alejandrina-germ%C3%A1n.jpg\" alt=\"alejandrina germ\u00e1n\" width=\"462\" height=\"351\" \/><\/a><\/p>\n<p><strong>Alejandrina cuestiona pronunciamientos\u00a0<\/strong><\/p>\n<p>Alejandrina Germ\u00e1n, integrante del Comit\u00e9 Pol\u00edtico y titular de la Secretar\u00eda de Formaci\u00f3n Pol\u00edtica del PLD, lament\u00f3 que sin mediar pruebas por los medios de comunicaci\u00f3n se est\u00e9n produciendo\u00a0 pronunciamientos de peledeistas detractando a sus propios compa\u00f1eros.<\/p>\n<p>Asegur\u00f3 que la tradici\u00f3n en el Partido, \u00a0cuando se presentaba ese tipo de situaciones se convocaba las partes y si el detractor no demostraba fehacientemente su acusaci\u00f3n, era \u00e9ste quien resultaba expulsado en virtud de la m\u00e1xima boschista de que \u201cTodo compa\u00f1ero es un hermano en la lucha al que debemos respeto y lealtad\u201d.<\/p>\n<p>La declaraci\u00f3n de la integrante del organismo ejecutivo del Comit\u00e9 Central peledeista est\u00e1 contenida en una rese\u00f1a period\u00edstica de la Secretar\u00eda de Comunicaciones que resume el \u00a0taller para facilitadores del Nivel B\u00e1sico de Formaci\u00f3n Pol\u00edtica realizado en el \u00a0Gran Sal\u00f3n \u00a0de la Casa Nacional peledeista.<\/p>\n<p>\u201cDon Juan no toleraba que se inventaran calumnias entre compa\u00f1eros y compa\u00f1eras; cuando se produc\u00eda un se\u00f1alamiento o acusaci\u00f3n se agotaban los recursos y procedimientos disciplinarios con la debida sanci\u00f3n para quien haya cometido una violaci\u00f3n o para quien la haya atribuido sin prueba alguna\u201d, enfatiz\u00f3 Alejandrina Germ\u00e1n ante decenas de dirigentes y militantes provenientes del Distrito Nacional y los municipios de la Provincia Santo Domingo.<\/p>\n<p>Dijo que las actitudes descritas no son exclusivas de las y los miembros que ingresaron al PLD tras la apertura emanada del VI Congreso Ordinario Profesor Juan Bosch en el 2001, considerando que por igual proceden dirigentes y militantes provenientes de las precedentes escuelas de cuadros que fueron los C\u00edrculos de Estudios; al tiempo que llam\u00f3 que se aprovechen los cursos de Formaci\u00f3n Pol\u00edtica para reflexionar al respecto.<\/p>\n<p>En el encuentro formativo \u00a0Germ\u00e1n \u00a0esboz\u00f3 el Plan General de Formaci\u00f3n Pol\u00edtica aprobado en el VIII Congreso Ordinario Comandante Norge Botello, y que consta de tres niveles y una parte de educaci\u00f3n continuada; los cuales por mandato de esa m\u00e1xima autoridad partidaria son indispensables para optar a cargos medios y superiores de direcci\u00f3n a lo interno de la organizaci\u00f3n o a puestos de elecci\u00f3n popular en el Congreso Nacional, los Municipios y Distritos Municipales.<\/p>\n<p>Los facilitadores entrenados se encargar\u00e1n de explicar y guiar las discusiones en los Comit\u00e9s Intermedios quienes les escogieron para cumplir ese rol.<\/p>\n","protected":false},"excerpt":{"rendered":"<p>Santo Domingo, 13 may (PL) Las pugnas internas en el oficialista Partido de la Liberaci\u00f3n Dominicana (PLD) contin\u00faan hoy y se evidenciaron en el Comit\u00e9 Central de esa fuerza pol\u00edtica.\u00a0De 635 miembros del Comit\u00e9 Central de esa organizaci\u00f3n consultados 363 firmaron un documento en el que \u00a0piden a sus congresistas aprobar la reforma que permitir\u00eda [&hellip;]<\/p>\n","protected":false},"author":8,"featured_media":6943,"comment_status":"open","ping_status":"open","sticky":false,"template":"","format":"standard","meta":{"footnotes":""},"categories":[43,44],"tags":[],"class_list":["post-6942","post","type-post","status-publish","format-standard","has-post-thumbnail","hentry","category-politica","category-republica-dominicana"],"_links":{"self":[{"href":"https:\/\/2horizontes.com\/index.php?rest_route=\/wp\/v2\/posts\/6942","targetHints":{"allow":["GET"]}}],"collection":[{"href":"https:\/\/2horizontes.com\/index.php?rest_route=\/wp\/v2\/posts"}],"about":[{"href":"https:\/\/2horizontes.com\/index.php?rest_route=\/wp\/v2\/types\/post"}],"author":[{"embeddable":true,"href":"https:\/\/2horizontes.com\/index.php?rest_route=\/wp\/v2\/users\/8"}],"replies":[{"embeddable":true,"href":"https:\/\/2horizontes.com\/index.php?rest_route=%2Fwp%2Fv2%2Fcomments&post=6942"}],"version-history":[{"count":1,"href":"https:\/\/2horizontes.com\/index.php?rest_route=\/wp\/v2\/posts\/6942\/revisions"}],"predecessor-version":[{"id":6944,"href":"https:\/\/2horizontes.com\/index.php?rest_route=\/wp\/v2\/posts\/6942\/revisions\/6944"}],"wp:featuredmedia":[{"embeddable":true,"href":"https:\/\/2horizontes.com\/index.php?rest_route=\/wp\/v2\/media\/6943"}],"wp:attachment":[{"href":"https:\/\/2horizontes.com\/index.php?rest_route=%2Fwp%2Fv2%2Fmedia&parent=6942"}],"wp:term":[{"taxonomy":"category","embeddable":true,"href":"https:\/\/2horizontes.com\/index.php?rest_route=%2Fwp%2Fv2%2Fcategories&post=6942"},{"taxonomy":"post_tag","embeddable":true,"href":"https:\/\/2horizontes.com\/index.php?rest_route=%2Fwp%2Fv2%2Ftags&post=6942"}],"curies":[{"name":"wp","href":"https:\/\/api.w.org\/{rel}","templated":true}]}}