{"id":69389,"date":"2019-10-30T20:20:26","date_gmt":"2019-10-30T19:20:26","guid":{"rendered":"http:\/\/2horizontes.com\/?p=69389"},"modified":"2019-10-30T20:20:27","modified_gmt":"2019-10-30T19:20:27","slug":"fernando-villalona-con-problemas-de-salud-debido-a-obesidad-y-estres","status":"publish","type":"post","link":"https:\/\/2horizontes.com\/?p=69389","title":{"rendered":"Fernando Villalona con problemas de salud debido a obesidad y estr\u00e9s"},"content":{"rendered":"\n<p>SANTO DOMINGO.- El merenguero Fernando Villalona tiene problemas de salud debido a sobrepeso, estr\u00e9s y mala alimentaci\u00f3n, inform\u00f3 su esposa Fatima Villalona.<\/p>\n\n\n\n<p>Revel\u00f3 que el estado del artista se agrav\u00f3 luego de que retornara Israel, donde estuvo de vacaciones.<\/p>\n\n\n\n<p>En su cuenta de Instagram, F\u00e1tima dijo: \u201cLes cuento que cuando llegamos de nuestras vacaciones @elmayimbe no se encontraba bien de salud al regreso tuvo que tocar 2 fiestas sin descansar, pero al otro d\u00eda fuimos donde su cardi\u00f3logo, lo sometieron a varios ex\u00e1menes le encontraron la presi\u00f3n sumamente alta all\u00ed estuvimos hasta lograr bajarla y decidieron monitorear por una semana, la causa Varias cosas Sobrepeso, estr\u00e9s, mala alimentaci\u00f3n entre otras\u201d.<\/p>\n\n\n\n\n\n<p>Aunque los resultados de los ex\u00e1menes salieron bien, el artista est\u00e1 haciendo una dieta especial para bajar colesterol, triglic\u00e9ridos y el az\u00facar.<\/p>\n\n\n\n<p>A principio de este a\u00f1o Villalona dijo que se someter\u00eda a una cirug\u00eda bariatrica, pero no lleg\u00f3 a hacerlo.<\/p>\n\n\n\n<p>of-am<\/p>\n","protected":false},"excerpt":{"rendered":"<p>SANTO DOMINGO.- El merenguero Fernando Villalona tiene problemas de salud debido a sobrepeso, estr\u00e9s y mala alimentaci\u00f3n, inform\u00f3 su esposa Fatima Villalona. Revel\u00f3 que el estado del artista se agrav\u00f3 luego de que retornara Israel, donde estuvo de vacaciones. En su cuenta de Instagram, F\u00e1tima dijo: \u201cLes cuento que cuando llegamos de nuestras vacaciones @elmayimbe [&hellip;]<\/p>\n","protected":false},"author":4,"featured_media":69390,"comment_status":"open","ping_status":"open","sticky":false,"template":"","format":"standard","meta":{"footnotes":""},"categories":[1,44],"tags":[],"class_list":["post-69389","post","type-post","status-publish","format-standard","has-post-thumbnail","hentry","category-entretenimiento","category-republica-dominicana"],"_links":{"self":[{"href":"https:\/\/2horizontes.com\/index.php?rest_route=\/wp\/v2\/posts\/69389","targetHints":{"allow":["GET"]}}],"collection":[{"href":"https:\/\/2horizontes.com\/index.php?rest_route=\/wp\/v2\/posts"}],"about":[{"href":"https:\/\/2horizontes.com\/index.php?rest_route=\/wp\/v2\/types\/post"}],"author":[{"embeddable":true,"href":"https:\/\/2horizontes.com\/index.php?rest_route=\/wp\/v2\/users\/4"}],"replies":[{"embeddable":true,"href":"https:\/\/2horizontes.com\/index.php?rest_route=%2Fwp%2Fv2%2Fcomments&post=69389"}],"version-history":[{"count":1,"href":"https:\/\/2horizontes.com\/index.php?rest_route=\/wp\/v2\/posts\/69389\/revisions"}],"predecessor-version":[{"id":69391,"href":"https:\/\/2horizontes.com\/index.php?rest_route=\/wp\/v2\/posts\/69389\/revisions\/69391"}],"wp:featuredmedia":[{"embeddable":true,"href":"https:\/\/2horizontes.com\/index.php?rest_route=\/wp\/v2\/media\/69390"}],"wp:attachment":[{"href":"https:\/\/2horizontes.com\/index.php?rest_route=%2Fwp%2Fv2%2Fmedia&parent=69389"}],"wp:term":[{"taxonomy":"category","embeddable":true,"href":"https:\/\/2horizontes.com\/index.php?rest_route=%2Fwp%2Fv2%2Fcategories&post=69389"},{"taxonomy":"post_tag","embeddable":true,"href":"https:\/\/2horizontes.com\/index.php?rest_route=%2Fwp%2Fv2%2Ftags&post=69389"}],"curies":[{"name":"wp","href":"https:\/\/api.w.org\/{rel}","templated":true}]}}