{"id":69384,"date":"2019-10-30T19:56:25","date_gmt":"2019-10-30T18:56:25","guid":{"rendered":"http:\/\/2horizontes.com\/?p=69384"},"modified":"2019-10-30T19:56:27","modified_gmt":"2019-10-30T18:56:27","slug":"barahona-hombre-mata-mujer-a-balazos-y-luego-se-suicida","status":"publish","type":"post","link":"https:\/\/2horizontes.com\/?p=69384","title":{"rendered":"BARAHONA: Hombre mata mujer a balazos y luego se suicida"},"content":{"rendered":"\n<p><strong>BARAHONA.-<\/strong>&nbsp;Un mec\u00e1nico de motocicleta mat\u00f3 este mi\u00e9rcoles a su mujer de tres balazos en el pecho y luego se suicid\u00f3 de uno en la cabeza, en en la calle Belarminio V\u00e1squez del sector Alto Velo, de aqu\u00ed.<\/p>\n\n\n\n<p>Ram\u00f3n Cuevas (El Peque\u00f1ito), de 50 a\u00f1os, ceg\u00f3 la vida Gleny Suero, de 42, tras una discusi\u00f3n.<\/p>\n\n\n\n<p>El hecho ocurri\u00f3 pasadas las 9:00 de la ma\u00f1ana. La mujer fue trasladada con aparentes signos vitales hasta el hospital Jaime Mota pero habr\u00eda llegado sin vida. Su cad\u00e1ver su colocado en la morgue.<\/p>\n\n\n\n\n\n<p>Mientras en la casa donde ambos viv\u00edan con sus hijos permanec\u00eda tirado en una habitaci\u00f3n el cad\u00e1ver de Ram\u00f3n Cuevas en medio de un charco de sangre a espera del m\u00e9dico legista. El per\u00edmetro fue acordonado por miembros de la Direcci\u00f3n Central de Investigaciones Criminales (DICRIM) para que una multitud no contamine la escena del hecho.<\/p>\n\n\n\n<p>Sumida en un profundo llanto, una prima de la mujer fallecida, identificada como Paulina Moreta, dijo que eran una pareja admirable porque siempre estaban juntos como novios, explic\u00f3 que este hecho la ha plasmada porque nunca hubo quejas de violencia entre ellos.<\/p>\n\n\n\n<p>of-am<\/p>\n","protected":false},"excerpt":{"rendered":"<p>BARAHONA.-&nbsp;Un mec\u00e1nico de motocicleta mat\u00f3 este mi\u00e9rcoles a su mujer de tres balazos en el pecho y luego se suicid\u00f3 de uno en la cabeza, en en la calle Belarminio V\u00e1squez del sector Alto Velo, de aqu\u00ed. Ram\u00f3n Cuevas (El Peque\u00f1ito), de 50 a\u00f1os, ceg\u00f3 la vida Gleny Suero, de 42, tras una discusi\u00f3n. El [&hellip;]<\/p>\n","protected":false},"author":4,"featured_media":69385,"comment_status":"open","ping_status":"open","sticky":false,"template":"","format":"standard","meta":{"footnotes":""},"categories":[53,44],"tags":[],"class_list":["post-69384","post","type-post","status-publish","format-standard","has-post-thumbnail","hentry","category-provincias","category-republica-dominicana"],"_links":{"self":[{"href":"https:\/\/2horizontes.com\/index.php?rest_route=\/wp\/v2\/posts\/69384","targetHints":{"allow":["GET"]}}],"collection":[{"href":"https:\/\/2horizontes.com\/index.php?rest_route=\/wp\/v2\/posts"}],"about":[{"href":"https:\/\/2horizontes.com\/index.php?rest_route=\/wp\/v2\/types\/post"}],"author":[{"embeddable":true,"href":"https:\/\/2horizontes.com\/index.php?rest_route=\/wp\/v2\/users\/4"}],"replies":[{"embeddable":true,"href":"https:\/\/2horizontes.com\/index.php?rest_route=%2Fwp%2Fv2%2Fcomments&post=69384"}],"version-history":[{"count":1,"href":"https:\/\/2horizontes.com\/index.php?rest_route=\/wp\/v2\/posts\/69384\/revisions"}],"predecessor-version":[{"id":69386,"href":"https:\/\/2horizontes.com\/index.php?rest_route=\/wp\/v2\/posts\/69384\/revisions\/69386"}],"wp:featuredmedia":[{"embeddable":true,"href":"https:\/\/2horizontes.com\/index.php?rest_route=\/wp\/v2\/media\/69385"}],"wp:attachment":[{"href":"https:\/\/2horizontes.com\/index.php?rest_route=%2Fwp%2Fv2%2Fmedia&parent=69384"}],"wp:term":[{"taxonomy":"category","embeddable":true,"href":"https:\/\/2horizontes.com\/index.php?rest_route=%2Fwp%2Fv2%2Fcategories&post=69384"},{"taxonomy":"post_tag","embeddable":true,"href":"https:\/\/2horizontes.com\/index.php?rest_route=%2Fwp%2Fv2%2Ftags&post=69384"}],"curies":[{"name":"wp","href":"https:\/\/api.w.org\/{rel}","templated":true}]}}