{"id":69360,"date":"2019-09-12T16:14:00","date_gmt":"2019-09-12T15:14:00","guid":{"rendered":"http:\/\/2horizontes.com\/?p=69360"},"modified":"2019-09-12T16:14:01","modified_gmt":"2019-09-12T15:14:01","slug":"dominicana-narra-dolor-tras-perdida-de-hija-en-ataque-terrorista","status":"publish","type":"post","link":"https:\/\/2horizontes.com\/?p=69360","title":{"rendered":"Dominicana narra dolor tras p\u00e9rdida de hija en ataque terrorista"},"content":{"rendered":"\n<p>NUEVA YORK.- A Marlyn del Carmen Garc\u00eda, una joven de 21 a\u00f1os de origen dominicano, le faltaban cuatro meses para graduarse de Derecho Internacional en el John Jay College of Criminal Justice, en Manhattan. Era una estudiante destacada, que a\u00f1oraba luchar por la justicia.<\/p>\n\n\n\n<p>Esa ma\u00f1ana del 11 de Septiembre del 2001, no le correspond\u00eda ir tan temprano a la Torre Norte del World Trade Center, pero fat\u00eddicamente su vida se apag\u00f3 por la embestida del vuelo 11 de American Airlines que impact\u00f3 a las 8:46 a.m., en el primer rascacielos que fue blanco del ataque terrorista, hace 18 a\u00f1os.<\/p>\n\n\n\n<p>\u201cYo siempre me levantaba a prepararle el desayuno. A ella no le gustaba comer en la calle. Pas\u00f3 esa ma\u00f1ana a su oficina en el piso 100 a buscar algo, en la empresa aseguradora en donde trabajaba. Ella no estaba supuesta a ir tan temprano\u201d, narr\u00f3 Karmen Garc\u00eda, la madre de Marlyn, quien asegur\u00f3 que durante estos 18 a\u00f1os ha asistido sin falta, como lo hizo este mi\u00e9rcoles, al acto conmemorativo por el aniversario de los atentados, en el cual se recuerda a las 2,753 v\u00edctimas fatales.<\/p>\n\n\n\n\n\n<p>Desde finales del 2001, a pocos meses del atentado terrorista m\u00e1s cruento en la historia de Estados Unidos, esta familia de inmigrantes quisqueyanos decidi\u00f3 mudarse de su apartamento en Brooklyn hacia el suroeste de Florida. All\u00ed tratan de rehacer su vida, y por lo menos tres veces al a\u00f1o visitan el Bajo Manhattan, para honrar la memoria de Marlyn.<\/p>\n\n\n\n<p>\u201cNunca he dejado de venir un 11 de septiembre aqu\u00ed. Me fui, porque yo respiraba a mi hija por todas partes. Si yo no hubiese salido del lugar, yo no creo que estuviera en este mundo\u201d, coment\u00f3 la madre.<\/p>\n\n\n\n<p><strong>\u201cYo supe que mi hija estaba all\u00ed\u201d<\/strong><\/p>\n\n\n\n<p>Esa terrible ma\u00f1ana, ya cerca de las 9:20 a.m., compa\u00f1eros de trabajo llamaron a Karmen para preguntarle por su hija. Era una estruendosa noticia en el mundo, que en las Torres Gemelas de la Gran Manzana, algo muy grave estaba sucediendo. La primera versi\u00f3n: un accidente a\u00e9reo.<\/p>\n\n\n\n<p>\u201cUn amigo de ella me llam\u00f3 y me dijo que si yo estaba mirando la televisi\u00f3n, porque estaba pasando algo en donde trabajaba Marlyn. Cuando yo vi ese desastre. Todo se paraliz\u00f3 en m\u00ed. Yo sent\u00ed inmediatamente que ya mi hija no estaba aqu\u00ed\u201d, coment\u00f3.<\/p>\n\n\n\n<p>Precisamente al filo de las 10:28 a.m., se desplom\u00f3 la primera torre en donde una aeronave hab\u00eda impactado entre el piso 93 y 99. All\u00ed, en el piso 100, en las oficinas de Marsh &amp; McLennan, estaba la estudiante de leyes, en un espacio de inmensos ventanales, desde donde vislumbraba un porvenir maravilloso para ella y su familia.<\/p>\n\n\n\n<p>La intuici\u00f3n de su madre ante aqu\u00e9l pandem\u00f3nium, que rese\u00f1aban en vivo los medios neoyorquinos, la llev\u00f3 a confirmar internamente, lo peor: \u201c\u00a1Mi hija muri\u00f3!\u201d, grit\u00f3.<\/p>\n\n\n\n<p>Pasaron los minutos, las horas, los d\u00edas, y en efecto, la joven que hab\u00eda sido ganadora del Premio Minerva que reciben los estudiantes sobresalientes, que aspiraba trabajar en las Naciones Unidas, que quer\u00eda vivir en una casa m\u00e1s c\u00f3moda con toda su familia, lamentablemente se contabilizaba como una de las v\u00edctimas de un atentado terrorista que sigue conmoviendo al mundo.<\/p>\n\n\n\n<p>Rozando el dolor y el optimismo, la madre asegura que \u201cese vac\u00edo no se calma. Hoy vivimos en una casa m\u00e1s grande, con un comedor inmenso, en donde ella so\u00f1aba sentarse con toda la familia. Y all\u00ed tiene su espacio, tiene su silla\u201d, coment\u00f3.<\/p>\n\n\n\n<p><strong>\u201cEsper\u00e1bamos que el destino fuese otro\u201d<\/strong><\/p>\n\n\n\n<p>Por su parte, la t\u00eda de Marlyn, Julia Castro sigue residenciada en Nueva York. Ha acompa\u00f1ado muy de cerca el v\u00eda crucis que su familia ha tenido que atravesar, al perder a uno de sus miembros, \u201cen medio de una locura que no comprendemos todav\u00eda\u201d.<\/p>\n\n\n\n<p>\u201cYo a\u00fan vivo en el bajo Manhattan. Aqu\u00e9l d\u00eda que parece lejano, pero nosotros lo tenemos muy cercano, mi esposo me avis\u00f3 y corr\u00ed al televisor a ver las noticias. Alcanc\u00e9 a ver cuando se estrell\u00f3 el segundo avi\u00f3n. Sal\u00ed corriendo a buscar a mis hijos a la escuela. Viv\u00ed el terror muy de cerca de la gente\u201d.<\/p>\n\n\n\n<p>Julia en medio de los rumores, sobre lo que realmente estaba sucediendo en la Gran Manzana, y lo que significaba que otro avi\u00f3n (Vuelo 175 de United Airlines) se hab\u00eda estrellado contra la otra Torre Sur, al final de esa tarde, tuvo que enfrentar que posiblemente su sobrina hab\u00eda sido una de las v\u00edctimas.<\/p>\n\n\n\n<p>\u201cHasta \u00faltimo minuto uno esperaba que el destino fuera otro. Que quiz\u00e1s ella estaba en otra parte y no se hab\u00eda podido comunicar. Pero no fue as\u00ed\u201d, coment\u00f3.<\/p>\n\n\n\n<p>En Long Island University, una beca especial otorgada a estudiantes destacados, lleva el nombre de Marlyn del Carmen Garc\u00eda, quien hoy tendr\u00eda 39 a\u00f1os.<\/p>\n\n\n\n<p>Casi dos d\u00e9cadas despu\u00e9s, cuando este mi\u00e9rcoles Karmen se encontraba en el Bajo Manhattan para asistir a los actos solemnes de conmemoraci\u00f3n, donde a\u00f1o a a\u00f1o mencionan el nombre de su hija, la madre revel\u00f3 que \u201cen esta oportunidad no tuve la energ\u00eda de entrar al museo. Me preocupa la falta de sensibilidad. Este a\u00f1o vi todo muy vac\u00edo\u201d, expres\u00f3.<\/p>\n\n\n\n<p>En la ceremonia de conmemoraci\u00f3n de este a\u00f1o, en el 9\/11 Memorial, se recordaron en total los nombres de 2,983 personas: las v\u00edctimas que murieron en un accidente en Shanksville, Pennsylvania; en el Pent\u00e1gono; y en el World Trade Center. Tambi\u00e9n se rindi\u00f3 honor a las seis v\u00edctimas del primer atentado del World Trade Center el 26 de febrero de 1993.<\/p>\n\n\n\n<p>Fuente: EL DIARIO NY<\/p>\n","protected":false},"excerpt":{"rendered":"<p>NUEVA YORK.- A Marlyn del Carmen Garc\u00eda, una joven de 21 a\u00f1os de origen dominicano, le faltaban cuatro meses para graduarse de Derecho Internacional en el John Jay College of Criminal Justice, en Manhattan. Era una estudiante destacada, que a\u00f1oraba luchar por la justicia. Esa ma\u00f1ana del 11 de Septiembre del 2001, no le correspond\u00eda [&hellip;]<\/p>\n","protected":false},"author":4,"featured_media":69361,"comment_status":"open","ping_status":"open","sticky":false,"template":"","format":"standard","meta":{"footnotes":""},"categories":[40,83],"tags":[],"class_list":["post-69360","post","type-post","status-publish","format-standard","has-post-thumbnail","hentry","category-internacionales","category-reportajes"],"_links":{"self":[{"href":"https:\/\/2horizontes.com\/index.php?rest_route=\/wp\/v2\/posts\/69360","targetHints":{"allow":["GET"]}}],"collection":[{"href":"https:\/\/2horizontes.com\/index.php?rest_route=\/wp\/v2\/posts"}],"about":[{"href":"https:\/\/2horizontes.com\/index.php?rest_route=\/wp\/v2\/types\/post"}],"author":[{"embeddable":true,"href":"https:\/\/2horizontes.com\/index.php?rest_route=\/wp\/v2\/users\/4"}],"replies":[{"embeddable":true,"href":"https:\/\/2horizontes.com\/index.php?rest_route=%2Fwp%2Fv2%2Fcomments&post=69360"}],"version-history":[{"count":1,"href":"https:\/\/2horizontes.com\/index.php?rest_route=\/wp\/v2\/posts\/69360\/revisions"}],"predecessor-version":[{"id":69362,"href":"https:\/\/2horizontes.com\/index.php?rest_route=\/wp\/v2\/posts\/69360\/revisions\/69362"}],"wp:featuredmedia":[{"embeddable":true,"href":"https:\/\/2horizontes.com\/index.php?rest_route=\/wp\/v2\/media\/69361"}],"wp:attachment":[{"href":"https:\/\/2horizontes.com\/index.php?rest_route=%2Fwp%2Fv2%2Fmedia&parent=69360"}],"wp:term":[{"taxonomy":"category","embeddable":true,"href":"https:\/\/2horizontes.com\/index.php?rest_route=%2Fwp%2Fv2%2Fcategories&post=69360"},{"taxonomy":"post_tag","embeddable":true,"href":"https:\/\/2horizontes.com\/index.php?rest_route=%2Fwp%2Fv2%2Ftags&post=69360"}],"curies":[{"name":"wp","href":"https:\/\/api.w.org\/{rel}","templated":true}]}}