{"id":69351,"date":"2019-09-09T15:56:33","date_gmt":"2019-09-09T14:56:33","guid":{"rendered":"http:\/\/2horizontes.com\/?p=69351"},"modified":"2019-09-09T15:56:34","modified_gmt":"2019-09-09T14:56:34","slug":"herederos-balada-latina-dicen-hasta-siempre-a-su-maestro-camilo-sesto","status":"publish","type":"post","link":"https:\/\/2horizontes.com\/?p=69351","title":{"rendered":"Herederos balada latina dicen hasta siempre a su maestro Camilo Sesto"},"content":{"rendered":"\n<p>Bogot\u00e1, 9 sep.- Reconocidos exponentes de la balada latina, como Ricardo Montaner, Yuri, Aleks Syntek o Carlos Baute, se despidieron este domingo del fallecido cantante espa\u00f1ol Camilo Sesto, un \u00edcono que, como dice su canci\u00f3n, tuvo el viento a su favor para hallar en Latinoam\u00e9rica su mayor tarima para enamorar a miles.<\/p>\n\n\n\n<p>Camilo Blanes Cort\u00e9s (Alcoy, Alicante, este de Espa\u00f1a, 1946), verdadero nombre del artista, falleci\u00f3 la madrugada de este domingo en Madrid a los 72 a\u00f1os a causa de complicaciones renales que deterioraron su estado f\u00edsico en forma importante.<\/p>\n\n\n\n<p>El cantante y compositor es recordado como toda una estrella de larga y exitosa carrera en la que vendi\u00f3 millones de discos -fue el primer cantante espa\u00f1ol que logr\u00f3 el disco de platino-, registr\u00f3 m\u00e1s de 340 obras y public\u00f3 40 \u00e1lbumes con los que consigui\u00f3 cincuenta \u2018n\u00fameros 1\u2019 en distintos pa\u00edses a ambos lados del Atl\u00e1ntico.<\/p>\n\n\n\n\n\n<p>Esta p\u00e9rdida ha dejado a millones de fans de ambos lados del Atl\u00e1ntico hu\u00e9rfanos, pero al mismo tiempo due\u00f1os de un fabuloso tesoro de canciones de un g\u00e9nero en peligro que varios cantantes latinoamericanos han heredado, ahora con ausencia de su precursor.<\/p>\n\n\n\n<p>Precisamente una vez conocida la noticia del fallecimiento de la superestrella de los a\u00f1os 70, el argentino-venezolano Ricardo Montaner, uno de los m\u00e1s destacados baladistas de los \u00faltimos a\u00f1os, dese\u00f3 \u00abPAZ\u00bb al \u00edcono espa\u00f1ol.<\/p>\n\n\n\n<p>En su perfil de la red social Twitter, asegur\u00f3 que el int\u00e9rprete de \u00e9xitos como \u00abVivir as\u00ed es morir de amor\u00bb o \u00abFresa Salvaje\u00bb es \u00abde aquellos que son inmortales\u00bb.<\/p>\n\n\n\n<p>Tambi\u00e9n por el mismo medio, la mexicana Yuri calific\u00f3 su partida de \u00abterrible noticia\u00bb y dedic\u00f3 un \u00abhasta siempre, maestro\u00bb al artista de inconfundible voz y marcado talento para la composici\u00f3n.<\/p>\n\n\n\n<p>\u00abGracias por tanto arte\u00bb, le dedic\u00f3, por su parte, en Twitter la cantautora de origen argentino Chenoa.<\/p>\n\n\n\n<p>El mexicano Aleks Syntek, miembro de las nuevas generaciones que a\u00fan apuestan por la balada, agradeci\u00f3 al m\u00fasico espa\u00f1ol por \u00abcompartir\u00bb su talento y asegur\u00f3 que espera que descanse en paz.<\/p>\n\n\n\n<p>El tambi\u00e9n compositor y cantante venezolano Carlos Baute no dud\u00f3 en asegurar que \u00absiempre estar\u00e1 su privilegiada voz y temazos\u00bb entre sus seguidores, con el \u00abgran legado musical\u00bb que dej\u00f3 en la regi\u00f3n.<\/p>\n\n\n\n<p>Y es que con m\u00e1s de 40 producciones discogr\u00e1ficas, Sesto mantuvo una estrecha relaci\u00f3n con Latinoam\u00e9rica, donde varias generaciones estuvieron influidas por su m\u00fasica que todav\u00eda suena, ahora como homenaje este domingo, a trav\u00e9s de las radios y televisoras locales.<\/p>\n\n\n\n<p>Justamente en esta parte del mundo, Sesto encontr\u00f3 su \u00fanico amor, la mexicana Lourdes Ornelas.<\/p>\n\n\n\n<p>De ella, vio florecer su descendencia con su primer y \u00fanico hijo, Camilo Blanes Jr., quien a\u00fan reside en Ciudad de M\u00e9xico y este domingo viaja a Espa\u00f1a para el sepelio de su padre.<\/p>\n\n\n\n<p>Durante la carrera del cantante se habl\u00f3 de relaciones con Andrea Bronston o Maribel Mart\u00edn, pero solo se supo con certeza de una mujer que ocup\u00f3 su coraz\u00f3n por un breve tiempo, la mexicana Ornelas.<\/p>\n\n\n\n<p>Sin embargo, su relaci\u00f3n no prosper\u00f3 luego de que, como ella confesara m\u00e1s adelante, fuera separada con presiones de su hijo a\u00fan peque\u00f1o.<\/p>\n\n\n\n<p>Sesto logr\u00f3 que se le reconociera legalmente la paternidad de Camilo Jr., que finalmente se llev\u00f3 a vivir con \u00e9l a Espa\u00f1a, sin el permiso de la madre. Aquel fue uno de los episodios m\u00e1s controvertidos de su historia personal.<\/p>\n\n\n\n<p>De la misma manera, Latinoam\u00e9rica tambi\u00e9n fue escenario de su relaci\u00f3n profesional m\u00e1s fruct\u00edfera, la que mantuvo por d\u00e9cadas con la cantante dominicana \u00c1ngela Carrasco (1952), quien alcanz\u00f3 plena fama en Espa\u00f1a en 1975 por su papel de Mar\u00eda Magdalena en el musical \u00abJesucristo Superstar\u00bb, protagonizado por Sesto.<\/p>\n\n\n\n<p>\u00c9l mismo la eligi\u00f3 para ese papel y as\u00ed comenz\u00f3 su trabajo conjunto, que se materializ\u00f3 con el lanzamiento de Carrasco de \u00abNo, no hay nadie m\u00e1s\u00bb y \u00abSi te vas\u00bb, de la autor\u00eda de Sesto, que tambi\u00e9n compuso para ella m\u00e1s \u00e9xitos como \u00abAmigo m\u00edo, cuenta conmigo\u00bb, \u00abQuererte a ti\u00bb o \u00ab\u00bfQu\u00e9 pasar\u00e1 ma\u00f1ana?\u00bb.<\/p>\n\n\n\n<p>Carrasco y Sesto realizaron varias giras por Latinoam\u00e9rica y Estados Unidos, convirti\u00e9ndose en el dueto m\u00e1s famoso de habla hispana en esos a\u00f1os.<\/p>\n\n\n\n<p>Alrededor del mundo, tambi\u00e9n relucieron otras condolencias de artistas, famosos y de los medios de comunicaci\u00f3n, mezclados con emotivos tuits de personas que en su recuerdo han enlazado letras y versos completos de sus famosas canciones, como \u00abJam\u00e1s\u00bb, \u00abMelina\u00bb o \u00abQuieres ser mi amante\u00bb, con su propia vida.<\/p>\n\n\n\n<p>Raphael, otro int\u00e9rprete de su generaci\u00f3n que se ha despedido con una foto de los dos, ambos veintea\u00f1eros, y lo ha elevado a \u00ab\u00eddolo indiscutible y una de las voces m\u00e1s importantes de la m\u00fasica de Espa\u00f1a y Latinoam\u00e9rica\u00bb.<\/p>\n\n\n\n<p>Tambi\u00e9n se hicieron eco del fallecimiento los espa\u00f1oles Rosana, Pancho Varona, David Bustamante, Manu Tenorio, Isabel Pantoja o Pastora Soler.<\/p>\n\n\n\n<p>of-am\u00a1Comparte esta noticia!\n\n<\/p>\n","protected":false},"excerpt":{"rendered":"<p>Bogot\u00e1, 9 sep.- Reconocidos exponentes de la balada latina, como Ricardo Montaner, Yuri, Aleks Syntek o Carlos Baute, se despidieron este domingo del fallecido cantante espa\u00f1ol Camilo Sesto, un \u00edcono que, como dice su canci\u00f3n, tuvo el viento a su favor para hallar en Latinoam\u00e9rica su mayor tarima para enamorar a miles. Camilo Blanes Cort\u00e9s [&hellip;]<\/p>\n","protected":false},"author":4,"featured_media":69352,"comment_status":"open","ping_status":"open","sticky":false,"template":"","format":"standard","meta":{"footnotes":""},"categories":[1,85,83],"tags":[],"class_list":["post-69351","post","type-post","status-publish","format-standard","has-post-thumbnail","hentry","category-entretenimiento","category-espana","category-reportajes"],"_links":{"self":[{"href":"https:\/\/2horizontes.com\/index.php?rest_route=\/wp\/v2\/posts\/69351","targetHints":{"allow":["GET"]}}],"collection":[{"href":"https:\/\/2horizontes.com\/index.php?rest_route=\/wp\/v2\/posts"}],"about":[{"href":"https:\/\/2horizontes.com\/index.php?rest_route=\/wp\/v2\/types\/post"}],"author":[{"embeddable":true,"href":"https:\/\/2horizontes.com\/index.php?rest_route=\/wp\/v2\/users\/4"}],"replies":[{"embeddable":true,"href":"https:\/\/2horizontes.com\/index.php?rest_route=%2Fwp%2Fv2%2Fcomments&post=69351"}],"version-history":[{"count":1,"href":"https:\/\/2horizontes.com\/index.php?rest_route=\/wp\/v2\/posts\/69351\/revisions"}],"predecessor-version":[{"id":69353,"href":"https:\/\/2horizontes.com\/index.php?rest_route=\/wp\/v2\/posts\/69351\/revisions\/69353"}],"wp:featuredmedia":[{"embeddable":true,"href":"https:\/\/2horizontes.com\/index.php?rest_route=\/wp\/v2\/media\/69352"}],"wp:attachment":[{"href":"https:\/\/2horizontes.com\/index.php?rest_route=%2Fwp%2Fv2%2Fmedia&parent=69351"}],"wp:term":[{"taxonomy":"category","embeddable":true,"href":"https:\/\/2horizontes.com\/index.php?rest_route=%2Fwp%2Fv2%2Fcategories&post=69351"},{"taxonomy":"post_tag","embeddable":true,"href":"https:\/\/2horizontes.com\/index.php?rest_route=%2Fwp%2Fv2%2Ftags&post=69351"}],"curies":[{"name":"wp","href":"https:\/\/api.w.org\/{rel}","templated":true}]}}