{"id":69348,"date":"2019-09-09T15:51:06","date_gmt":"2019-09-09T14:51:06","guid":{"rendered":"http:\/\/2horizontes.com\/?p=69348"},"modified":"2019-09-09T15:51:07","modified_gmt":"2019-09-09T14:51:07","slug":"espana-seis-anos-prision-para-hombre-causo-deformidad-a-dominicano","status":"publish","type":"post","link":"https:\/\/2horizontes.com\/?p=69348","title":{"rendered":"ESPA\u00d1A: Seis a\u00f1os prisi\u00f3n para hombre caus\u00f3 \u00abdeformidad\u00bb a dominicano"},"content":{"rendered":"\n<p>ESPA\u00d1A.- La Audiencia Provincial de Sevilla ha condenado a seis a\u00f1os y seis meses de c\u00e1rcel y a su expulsi\u00f3n de Espa\u00f1a cuando cumpla dos tercios de la pena a un hombre que caus\u00f3 lesiones con deformidad a dos varones a la salida de una discoteca, despu\u00e9s de una discusi\u00f3n cuyo origen fue un \u00abpisot\u00f3n fortuito\u00bb.<\/p>\n\n\n\n<p>En la sentencia, la Secci\u00f3n S\u00e9ptima condena por dos delitos de lesiones con deformidad a C.G.A.H., de nacionalidad ecuatoriana y en situaci\u00f3n irregular en el pa\u00eds, y le impone tres a\u00f1os y tres meses de prisi\u00f3n por cada uno, as\u00ed como el pago de una indemnizaci\u00f3n de 15.920 euros a una de las v\u00edctimas y 7.675 euros a otra.<\/p>\n\n\n\n<p>Tambi\u00e9n lo castiga con una multa de 360 euros por un delito leve de maltrato sobre una tercera v\u00edctima, igual que al otro condenado en esta causa, J.M.D.C., de nacionalidad dominicana.<\/p>\n\n\n\n\n\n<p>La sentencia, que no es firme, considera probado que el 17 de agosto del 2018, sobre las 6.30 horas, los dos acusados estaban junto a otras dos personas no identificadas en el exterior de una discoteca en La Cartuja cuando una de las v\u00edctimas, S.M.F., \u00abpis\u00f3 fortuitamente\u00bb a J.M.D.C., quien se lo \u00abrecrimin\u00f3 acaloradamente\u00bb.<\/p>\n\n\n\n<p>Empez\u00f3 entonces una discusi\u00f3n en la que intent\u00f3 mediar \u00absin \u00e9xito\u00bb la otra v\u00edctima, M.J.B.S.<\/p>\n\n\n\n<p>\u00abAl percatarse de la situaci\u00f3n\u00bb, el principal acusado \u00abrompi\u00f3 contra el suelo una botella de cristal y con ella golpe\u00f3 repetidamente a M.J.B.S. en la cabeza y el brazo derecho\u00bb para acto seguido, \u00abcon esa misma u otra botella de cristal\u00bb, golpear \u00abfuertemente\u00bb a la segunda v\u00edctima \u00aben el rostro\u00bb.<\/p>\n\n\n\n<p>Otro amigo de las v\u00edctimas, M.G.G., \u00abemprendi\u00f3 la huida\u00bb pero fue alcanzado por los agresores y sus dos acompa\u00f1antes, que lo tiraron al suelo y le dieron varias patadas, aunque sin lesionarlo.<\/p>\n\n\n\n<p>A causa de los golpes que recibi\u00f3 con la botella rota, M.J.B.S. sufri\u00f3 heridas que le han dejado como secuela cicatrices de entre 1 y 13 cent\u00edmetros en la cabeza y el hombro y el brazo derechos.<\/p>\n\n\n\n<p>En cuanto a S.M.F., las consecuencias de la agresi\u00f3n son una \u00abasimetr\u00eda facial\u00bb y una alteraci\u00f3n de la respiraci\u00f3n nasal debido a una \u00abdeformidad \u00f3sea o cartilaginosa\u00bb.<\/p>\n\n\n\n<p>Durante la vista oral, celebrada el pasado 3 de julio, los tres jueces y la fiscal pidieron a las dos v\u00edctimas que se aproximasen a ellos para examinar las secuelas de cerca y confirmaron que se trataba de \u00ablesiones con deformidad\u00bb.<\/p>\n\n\n\n<p>La sentencia considera v\u00e1lidos los testimonios de las v\u00edctimas y sus acompa\u00f1antes, \u00abal margen de irrelevantes diferencias de matiz\u00bb, y recalca que todos identificaron a los agresores de forma \u00abindubitada\u00bb tanto en las fotograf\u00edas que les ense\u00f1\u00f3 la Polic\u00eda como en la posterior rueda de reconocimiento.<\/p>\n\n\n\n<p>El tribunal, que rechaza las atenuantes de reparaci\u00f3n del da\u00f1o y embriaguez, tambi\u00e9n destaca \u00abla extrema violencia de la agresi\u00f3n\u00bb y el uso de \u00abun objeto de gran potencialidad lesiva\u00bb, la botella rota, para justificar la imposici\u00f3n de las penas por encima de su m\u00ednimo legal.<\/p>\n\n\n\n<p><strong>Fuente: LAVANGUARDIA.com<\/strong>\u00a1Comparte esta noticia!\n\n<\/p>\n","protected":false},"excerpt":{"rendered":"<p>ESPA\u00d1A.- La Audiencia Provincial de Sevilla ha condenado a seis a\u00f1os y seis meses de c\u00e1rcel y a su expulsi\u00f3n de Espa\u00f1a cuando cumpla dos tercios de la pena a un hombre que caus\u00f3 lesiones con deformidad a dos varones a la salida de una discoteca, despu\u00e9s de una discusi\u00f3n cuyo origen fue un \u00abpisot\u00f3n [&hellip;]<\/p>\n","protected":false},"author":4,"featured_media":69349,"comment_status":"open","ping_status":"open","sticky":false,"template":"","format":"standard","meta":{"footnotes":""},"categories":[85],"tags":[],"class_list":["post-69348","post","type-post","status-publish","format-standard","has-post-thumbnail","hentry","category-espana"],"_links":{"self":[{"href":"https:\/\/2horizontes.com\/index.php?rest_route=\/wp\/v2\/posts\/69348","targetHints":{"allow":["GET"]}}],"collection":[{"href":"https:\/\/2horizontes.com\/index.php?rest_route=\/wp\/v2\/posts"}],"about":[{"href":"https:\/\/2horizontes.com\/index.php?rest_route=\/wp\/v2\/types\/post"}],"author":[{"embeddable":true,"href":"https:\/\/2horizontes.com\/index.php?rest_route=\/wp\/v2\/users\/4"}],"replies":[{"embeddable":true,"href":"https:\/\/2horizontes.com\/index.php?rest_route=%2Fwp%2Fv2%2Fcomments&post=69348"}],"version-history":[{"count":1,"href":"https:\/\/2horizontes.com\/index.php?rest_route=\/wp\/v2\/posts\/69348\/revisions"}],"predecessor-version":[{"id":69350,"href":"https:\/\/2horizontes.com\/index.php?rest_route=\/wp\/v2\/posts\/69348\/revisions\/69350"}],"wp:featuredmedia":[{"embeddable":true,"href":"https:\/\/2horizontes.com\/index.php?rest_route=\/wp\/v2\/media\/69349"}],"wp:attachment":[{"href":"https:\/\/2horizontes.com\/index.php?rest_route=%2Fwp%2Fv2%2Fmedia&parent=69348"}],"wp:term":[{"taxonomy":"category","embeddable":true,"href":"https:\/\/2horizontes.com\/index.php?rest_route=%2Fwp%2Fv2%2Fcategories&post=69348"},{"taxonomy":"post_tag","embeddable":true,"href":"https:\/\/2horizontes.com\/index.php?rest_route=%2Fwp%2Fv2%2Ftags&post=69348"}],"curies":[{"name":"wp","href":"https:\/\/api.w.org\/{rel}","templated":true}]}}