{"id":69313,"date":"2019-09-05T16:03:59","date_gmt":"2019-09-05T15:03:59","guid":{"rendered":"http:\/\/2horizontes.com\/?p=69313"},"modified":"2019-09-05T16:04:00","modified_gmt":"2019-09-05T15:04:00","slug":"desarticulan-banda-haitianos-robaba-motocicletas-y-las-vendia-en-haiti","status":"publish","type":"post","link":"https:\/\/2horizontes.com\/?p=69313","title":{"rendered":"Desarticulan banda haitianos robaba motocicletas y las vend\u00eda en Hait\u00ed"},"content":{"rendered":"\n<p>DAJABON, Rep\u00fablica Dominicana.- La Polic\u00eda desarticul\u00f3 una supuesta banda de cuatro haitianos y un dominicano que robaba motocicletas y las vend\u00edan en Hait\u00ed.<\/p>\n\n\n\n<p>Los detenidos son Delius Adaman, Jhonson Eli, Jean Janold, &nbsp;Renand Bien-Aime, quienes viven en Montecristi, y Juan Carlos de la Cruz, de 32 y residente en el sector La Palma de Herrera, en Santo Domingo Oeste.<\/p>\n\n\n\n<p>De la Cruz, sindicado como el cabecilla del grupo, le fueron ocupadas cinco motocicletas X-1000-Thunder, CG-200, Lifan-CG-150, Dayun CG-150 y X-1000 CG-150, as\u00ed como varias piezas.<\/p>\n\n\n\n\n\n<p>Una de las motocicletas le fue robada al haitiano Yimmi Bergis; en el sector Villa Francisca, de Santo Domingo, otra en Dajab\u00f3n a Carlos Agust\u00edn Morel y otra en La Romana.<\/p>\n\n\n\n<p><\/p>\n","protected":false},"excerpt":{"rendered":"<p>DAJABON, Rep\u00fablica Dominicana.- La Polic\u00eda desarticul\u00f3 una supuesta banda de cuatro haitianos y un dominicano que robaba motocicletas y las vend\u00edan en Hait\u00ed. Los detenidos son Delius Adaman, Jhonson Eli, Jean Janold, &nbsp;Renand Bien-Aime, quienes viven en Montecristi, y Juan Carlos de la Cruz, de 32 y residente en el sector La Palma de Herrera, [&hellip;]<\/p>\n","protected":false},"author":4,"featured_media":69314,"comment_status":"open","ping_status":"open","sticky":false,"template":"","format":"standard","meta":{"footnotes":""},"categories":[44],"tags":[],"class_list":["post-69313","post","type-post","status-publish","format-standard","has-post-thumbnail","hentry","category-republica-dominicana"],"_links":{"self":[{"href":"https:\/\/2horizontes.com\/index.php?rest_route=\/wp\/v2\/posts\/69313","targetHints":{"allow":["GET"]}}],"collection":[{"href":"https:\/\/2horizontes.com\/index.php?rest_route=\/wp\/v2\/posts"}],"about":[{"href":"https:\/\/2horizontes.com\/index.php?rest_route=\/wp\/v2\/types\/post"}],"author":[{"embeddable":true,"href":"https:\/\/2horizontes.com\/index.php?rest_route=\/wp\/v2\/users\/4"}],"replies":[{"embeddable":true,"href":"https:\/\/2horizontes.com\/index.php?rest_route=%2Fwp%2Fv2%2Fcomments&post=69313"}],"version-history":[{"count":1,"href":"https:\/\/2horizontes.com\/index.php?rest_route=\/wp\/v2\/posts\/69313\/revisions"}],"predecessor-version":[{"id":69315,"href":"https:\/\/2horizontes.com\/index.php?rest_route=\/wp\/v2\/posts\/69313\/revisions\/69315"}],"wp:featuredmedia":[{"embeddable":true,"href":"https:\/\/2horizontes.com\/index.php?rest_route=\/wp\/v2\/media\/69314"}],"wp:attachment":[{"href":"https:\/\/2horizontes.com\/index.php?rest_route=%2Fwp%2Fv2%2Fmedia&parent=69313"}],"wp:term":[{"taxonomy":"category","embeddable":true,"href":"https:\/\/2horizontes.com\/index.php?rest_route=%2Fwp%2Fv2%2Fcategories&post=69313"},{"taxonomy":"post_tag","embeddable":true,"href":"https:\/\/2horizontes.com\/index.php?rest_route=%2Fwp%2Fv2%2Ftags&post=69313"}],"curies":[{"name":"wp","href":"https:\/\/api.w.org\/{rel}","templated":true}]}}