{"id":69292,"date":"2019-09-05T15:21:51","date_gmt":"2019-09-05T14:21:51","guid":{"rendered":"http:\/\/2horizontes.com\/?p=69292"},"modified":"2019-09-05T15:21:53","modified_gmt":"2019-09-05T14:21:53","slug":"leonel-promete-convertir-provincia-peravia-en-modelo-de-desarrollo","status":"publish","type":"post","link":"https:\/\/2horizontes.com\/?p=69292","title":{"rendered":"Leonel promete convertir provincia Peravia en modelo de desarrollo"},"content":{"rendered":"\n<p>BANI, Rep\u00fablica Dominicana.- El precandidato presidencial del Partido de la Liberaci\u00f3n Dominicana (PLD), Leonel Fern\u00e1ndez, asegur\u00f3 este mi\u00e9rcoles que convertir\u00e1 la provincia Peravia en un modelo de desarrollo y progreso.<\/p>\n\n\n\n<p>En un masivo encuentro, el tres veces presidente de la Rep\u00fablica dijo que tiene un compromiso moral con la memoria del extinto decano de la prensa, don Rafael Herrera, porque cuando era un jovenzuelo pasaba horas en su&nbsp; despacho del peri\u00f3dico&nbsp; List\u00edn Diario, de quien aprendi\u00f3 mucho de periodismo.<\/p>\n\n\n\n<p>Manifest\u00f3 que Herrera es una de las figuras m\u00e1s ilustres de la Rep\u00fablica Dominicana, y en especial, de la provincia Peravia y esas razones lo comprometen a ejecutar, en un pr\u00f3ximo gobierno, un plan de desarrollo y progreso en la provincia, que incluir\u00eda el relanzamiento de la zona franca para crear nuevas fuentes de empleo para&nbsp; j\u00f3venes y mujeres.<\/p>\n\n\n\n\n\n<p>Sostuvo que sus esfuerzos ir\u00e1n dirigidos a atraer nuevas&nbsp; empresas a ese parque, que generen dinamismo en la econom\u00eda local.<\/p>\n\n\n\n<p>Expres\u00f3 que la construcci\u00f3n del acueducto y la circunvalaci\u00f3n de Ban\u00ed ser\u00e1n una prioridad en una nueva administraci\u00f3n de gobierno.<\/p>\n\n\n\n<p>En el acto hablaron, adem\u00e1s, la exdiputada Licelot Arias y el precandidato a senador Bienvenido Montero, quienes recordaron las obras construidas durante los gobiernos de Fern\u00e1ndez, quien estuvo acompa\u00f1ado de Mariano Germ\u00e1n, Omar Fern\u00e1ndez, Angelita Pe\u00f1a, el ex jefe de la Polic\u00eda, Pedro de Jes\u00fas Candelier, y la exministra de Educaci\u00f3n Josefina Pimentel.<\/p>\n\n\n\n<p>jt\/am-sp<\/p>\n","protected":false},"excerpt":{"rendered":"<p>BANI, Rep\u00fablica Dominicana.- El precandidato presidencial del Partido de la Liberaci\u00f3n Dominicana (PLD), Leonel Fern\u00e1ndez, asegur\u00f3 este mi\u00e9rcoles que convertir\u00e1 la provincia Peravia en un modelo de desarrollo y progreso. En un masivo encuentro, el tres veces presidente de la Rep\u00fablica dijo que tiene un compromiso moral con la memoria del extinto decano de la [&hellip;]<\/p>\n","protected":false},"author":4,"featured_media":69293,"comment_status":"open","ping_status":"open","sticky":false,"template":"","format":"standard","meta":{"footnotes":""},"categories":[43,44],"tags":[],"class_list":["post-69292","post","type-post","status-publish","format-standard","has-post-thumbnail","hentry","category-politica","category-republica-dominicana"],"_links":{"self":[{"href":"https:\/\/2horizontes.com\/index.php?rest_route=\/wp\/v2\/posts\/69292","targetHints":{"allow":["GET"]}}],"collection":[{"href":"https:\/\/2horizontes.com\/index.php?rest_route=\/wp\/v2\/posts"}],"about":[{"href":"https:\/\/2horizontes.com\/index.php?rest_route=\/wp\/v2\/types\/post"}],"author":[{"embeddable":true,"href":"https:\/\/2horizontes.com\/index.php?rest_route=\/wp\/v2\/users\/4"}],"replies":[{"embeddable":true,"href":"https:\/\/2horizontes.com\/index.php?rest_route=%2Fwp%2Fv2%2Fcomments&post=69292"}],"version-history":[{"count":1,"href":"https:\/\/2horizontes.com\/index.php?rest_route=\/wp\/v2\/posts\/69292\/revisions"}],"predecessor-version":[{"id":69294,"href":"https:\/\/2horizontes.com\/index.php?rest_route=\/wp\/v2\/posts\/69292\/revisions\/69294"}],"wp:featuredmedia":[{"embeddable":true,"href":"https:\/\/2horizontes.com\/index.php?rest_route=\/wp\/v2\/media\/69293"}],"wp:attachment":[{"href":"https:\/\/2horizontes.com\/index.php?rest_route=%2Fwp%2Fv2%2Fmedia&parent=69292"}],"wp:term":[{"taxonomy":"category","embeddable":true,"href":"https:\/\/2horizontes.com\/index.php?rest_route=%2Fwp%2Fv2%2Fcategories&post=69292"},{"taxonomy":"post_tag","embeddable":true,"href":"https:\/\/2horizontes.com\/index.php?rest_route=%2Fwp%2Fv2%2Ftags&post=69292"}],"curies":[{"name":"wp","href":"https:\/\/api.w.org\/{rel}","templated":true}]}}