{"id":69289,"date":"2019-09-05T15:14:14","date_gmt":"2019-09-05T14:14:14","guid":{"rendered":"http:\/\/2horizontes.com\/?p=69289"},"modified":"2019-09-05T15:14:15","modified_gmt":"2019-09-05T14:14:15","slug":"fallece-el-dirigente-politico-alfredo-mota-ruiz-a-los-85-anos-de-edad","status":"publish","type":"post","link":"https:\/\/2horizontes.com\/?p=69289","title":{"rendered":"Fallece el dirigente pol\u00edtico Alfredo Mota Ruiz a los 85 a\u00f1os de edad"},"content":{"rendered":"\n<p>SANTO DOMINGO.- Falleci\u00f3 la tarde de este mi\u00e9rcoles el dirigente pol\u00edtico Alfredo Mota Ruiz, quien dirigi\u00f3 varias instituciones del Estado durante los gobiernos de Joaqu\u00edn Balaguer.&nbsp;Ten\u00eda 85 a\u00f1os de edad.<\/p>\n\n\n\n<p>Su deceso se produjo a causa de paro cardiaco.<\/p>\n\n\n\n<p>Sus restos ser\u00e1n velados en la funeraria Blandino de la avenida Abraham Lincoln, desde este jueves, y sepultados a las 4:00 de la tarde en el cementerio Puerta del Cielo.<\/p>\n\n\n\n\n\n<p>Como pol\u00edtico se le recuerda como el fundador del movimiento \u201cLo que diga Balaguer\u201d.<\/p>\n\n\n\n<p>of-am\u00a1Comparte esta noticia!\n\n<\/p>\n","protected":false},"excerpt":{"rendered":"<p>SANTO DOMINGO.- Falleci\u00f3 la tarde de este mi\u00e9rcoles el dirigente pol\u00edtico Alfredo Mota Ruiz, quien dirigi\u00f3 varias instituciones del Estado durante los gobiernos de Joaqu\u00edn Balaguer.&nbsp;Ten\u00eda 85 a\u00f1os de edad. Su deceso se produjo a causa de paro cardiaco. Sus restos ser\u00e1n velados en la funeraria Blandino de la avenida Abraham Lincoln, desde este jueves, [&hellip;]<\/p>\n","protected":false},"author":4,"featured_media":69290,"comment_status":"open","ping_status":"open","sticky":false,"template":"","format":"standard","meta":{"footnotes":""},"categories":[56,43,44],"tags":[],"class_list":["post-69289","post","type-post","status-publish","format-standard","has-post-thumbnail","hentry","category-notas-luctuosas","category-politica","category-republica-dominicana"],"_links":{"self":[{"href":"https:\/\/2horizontes.com\/index.php?rest_route=\/wp\/v2\/posts\/69289","targetHints":{"allow":["GET"]}}],"collection":[{"href":"https:\/\/2horizontes.com\/index.php?rest_route=\/wp\/v2\/posts"}],"about":[{"href":"https:\/\/2horizontes.com\/index.php?rest_route=\/wp\/v2\/types\/post"}],"author":[{"embeddable":true,"href":"https:\/\/2horizontes.com\/index.php?rest_route=\/wp\/v2\/users\/4"}],"replies":[{"embeddable":true,"href":"https:\/\/2horizontes.com\/index.php?rest_route=%2Fwp%2Fv2%2Fcomments&post=69289"}],"version-history":[{"count":1,"href":"https:\/\/2horizontes.com\/index.php?rest_route=\/wp\/v2\/posts\/69289\/revisions"}],"predecessor-version":[{"id":69291,"href":"https:\/\/2horizontes.com\/index.php?rest_route=\/wp\/v2\/posts\/69289\/revisions\/69291"}],"wp:featuredmedia":[{"embeddable":true,"href":"https:\/\/2horizontes.com\/index.php?rest_route=\/wp\/v2\/media\/69290"}],"wp:attachment":[{"href":"https:\/\/2horizontes.com\/index.php?rest_route=%2Fwp%2Fv2%2Fmedia&parent=69289"}],"wp:term":[{"taxonomy":"category","embeddable":true,"href":"https:\/\/2horizontes.com\/index.php?rest_route=%2Fwp%2Fv2%2Fcategories&post=69289"},{"taxonomy":"post_tag","embeddable":true,"href":"https:\/\/2horizontes.com\/index.php?rest_route=%2Fwp%2Fv2%2Ftags&post=69289"}],"curies":[{"name":"wp","href":"https:\/\/api.w.org\/{rel}","templated":true}]}}