{"id":69286,"date":"2019-09-05T15:03:23","date_gmt":"2019-09-05T14:03:23","guid":{"rendered":"http:\/\/2horizontes.com\/?p=69286"},"modified":"2019-09-05T15:03:24","modified_gmt":"2019-09-05T14:03:24","slug":"moreno-considera-el-prm-comete-desvarios-y-muestra-incoherencia","status":"publish","type":"post","link":"https:\/\/2horizontes.com\/?p=69286","title":{"rendered":"Moreno considera el PRM comete \u00abdesvar\u00edos\u00bb y muestra incoherencia"},"content":{"rendered":"\n<p> El presidente del Partido Alianza Pa\u00eds dijo que es \u201cparte de los desvar\u00edos del PRM\u201d el hecho de que gran\u00a0 cantidad de los diputados de este partido se alinearan con la facci\u00f3n de Danilo Medina para garantizar la continuidad de Radham\u00e9s Camacho en la presidencia de la c\u00e1mara baja.<\/p>\n\n\n\n<p>Guillermo Moreno expres\u00f3 que hacer causa com\u00fan con el \u00abdanilismo\u00bb no es una conducta pol\u00edtica nueva del PRM, ya que este partido se retir\u00f3 de una \u00abmesa de oposici\u00f3n\u00bb formada tras las elecciones del 2016&nbsp; y la cual exig\u00eda nodificaciones al proyecto de ley de partidos.<\/p>\n\n\n\n<p>En un documento de prensa remitido a ALMOMENTO.NET, Moreno aduce que en esa oportunidad el PRM \u00abse retir\u00f3 desconociendo los acuerdos y,&nbsp; aliado al oficialismo, propici\u00f3 la Ley 15-18 sin las modificaciones propuestas por el conjunto de partidos opositores\u00bb.<\/p>\n\n\n\n\n\n<p>\u201cSon estos desvar\u00edos del PRM,&nbsp; su incoherencia entre lo que dice y lo que hace, su no respeto de los acuerdos, es lo que poco a poco ha minado la confianza para la conformaci\u00f3n de una s\u00f3lida unidad opositora con la determinaci\u00f3n de sacar al PLD del poder y sobre todo de desmontar su modelo pol\u00edtico de corrupci\u00f3n, impunidad, clientelismo y secuestro de los poderes p\u00fablicos\u00bb, agrega.<\/p>\n\n\n\n<p>Alega que \u00absi el PRM rectificara autocr\u00edticamente esta conducta, otro pudiera ser el papel que pasar\u00eda a jugar en la oposici\u00f3n pol\u00edtica en el pa\u00eds\u201d.<\/p>\n","protected":false},"excerpt":{"rendered":"<p>El presidente del Partido Alianza Pa\u00eds dijo que es \u201cparte de los desvar\u00edos del PRM\u201d el hecho de que gran\u00a0 cantidad de los diputados de este partido se alinearan con la facci\u00f3n de Danilo Medina para garantizar la continuidad de Radham\u00e9s Camacho en la presidencia de la c\u00e1mara baja. Guillermo Moreno expres\u00f3 que hacer causa [&hellip;]<\/p>\n","protected":false},"author":4,"featured_media":69287,"comment_status":"open","ping_status":"open","sticky":false,"template":"","format":"standard","meta":{"footnotes":""},"categories":[43,44],"tags":[],"class_list":["post-69286","post","type-post","status-publish","format-standard","has-post-thumbnail","hentry","category-politica","category-republica-dominicana"],"_links":{"self":[{"href":"https:\/\/2horizontes.com\/index.php?rest_route=\/wp\/v2\/posts\/69286","targetHints":{"allow":["GET"]}}],"collection":[{"href":"https:\/\/2horizontes.com\/index.php?rest_route=\/wp\/v2\/posts"}],"about":[{"href":"https:\/\/2horizontes.com\/index.php?rest_route=\/wp\/v2\/types\/post"}],"author":[{"embeddable":true,"href":"https:\/\/2horizontes.com\/index.php?rest_route=\/wp\/v2\/users\/4"}],"replies":[{"embeddable":true,"href":"https:\/\/2horizontes.com\/index.php?rest_route=%2Fwp%2Fv2%2Fcomments&post=69286"}],"version-history":[{"count":1,"href":"https:\/\/2horizontes.com\/index.php?rest_route=\/wp\/v2\/posts\/69286\/revisions"}],"predecessor-version":[{"id":69288,"href":"https:\/\/2horizontes.com\/index.php?rest_route=\/wp\/v2\/posts\/69286\/revisions\/69288"}],"wp:featuredmedia":[{"embeddable":true,"href":"https:\/\/2horizontes.com\/index.php?rest_route=\/wp\/v2\/media\/69287"}],"wp:attachment":[{"href":"https:\/\/2horizontes.com\/index.php?rest_route=%2Fwp%2Fv2%2Fmedia&parent=69286"}],"wp:term":[{"taxonomy":"category","embeddable":true,"href":"https:\/\/2horizontes.com\/index.php?rest_route=%2Fwp%2Fv2%2Fcategories&post=69286"},{"taxonomy":"post_tag","embeddable":true,"href":"https:\/\/2horizontes.com\/index.php?rest_route=%2Fwp%2Fv2%2Ftags&post=69286"}],"curies":[{"name":"wp","href":"https:\/\/api.w.org\/{rel}","templated":true}]}}