{"id":69247,"date":"2019-08-16T17:27:30","date_gmt":"2019-08-16T16:27:30","guid":{"rendered":"http:\/\/2horizontes.com\/?p=69247"},"modified":"2019-08-16T17:28:36","modified_gmt":"2019-08-16T16:28:36","slug":"hoy-es-feriado-en-rd-no-descartan-que-anuncien-algun-nombramiento","status":"publish","type":"post","link":"https:\/\/2horizontes.com\/?p=69247","title":{"rendered":"Hoy es feriado en RD; no descartan que anuncien alg\u00fan nombramiento"},"content":{"rendered":"\n<p>SANTO DOMINGO.- Con motivo de la conmemoraci\u00f3n del&nbsp;d\u00eda en que fue restaurada&nbsp;la independencia de la Rep\u00fablica Dominicana, hoy es feriado en este pa\u00eds.&nbsp; &nbsp;Est\u00e1 suspendida la casi totalidad de las actividades de las oficinas del Gobierno y el sector privado.<\/p>\n\n\n\n<p>Salvo lo relativo a la designaci\u00f3n de los bufetes de las c\u00e1maras legislativas, no hay ninguna expectativa.&nbsp;En c\u00edrculos oficialistas no se descarta que el presidente Danilo Medina emita hoy decretos designando funcionarios civiles y militares.<\/p>\n\n\n\n<p>A\u00fan el Mandatario no ha nombrado en el Ministerio de Obras P\u00fablicas al sustituto del ingeniero Gonzalo Castillo, quien renunci\u00f3 hace tres semanas para dedicarse de lleno a labores pol\u00edticas.<\/p>\n\n\n\n\n\n<p>Hoy comienza precisamente&nbsp;<strong>el \u00faltimo a\u00f1o<\/strong>&nbsp;del segundo gobierno de Danilo Medina. &nbsp;Con este motivo no ha sido programado discurso ni ninguna declaraci\u00f3n de este \u00faltimo. Seg\u00fan la Constituci\u00f3n de la Rep\u00fablica, las rendiciones de cuentas de los mandatarios deben ser hechas los 27 de febrero ante la Asamblea Nacional.<\/p>\n\n\n\n<p><strong>&nbsp;sp-am<\/strong><\/p>\n","protected":false},"excerpt":{"rendered":"<p>SANTO DOMINGO.- Con motivo de la conmemoraci\u00f3n del&nbsp;d\u00eda en que fue restaurada&nbsp;la independencia de la Rep\u00fablica Dominicana, hoy es feriado en este pa\u00eds.&nbsp; &nbsp;Est\u00e1 suspendida la casi totalidad de las actividades de las oficinas del Gobierno y el sector privado. Salvo lo relativo a la designaci\u00f3n de los bufetes de las c\u00e1maras legislativas, no hay [&hellip;]<\/p>\n","protected":false},"author":1,"featured_media":69249,"comment_status":"open","ping_status":"open","sticky":false,"template":"","format":"standard","meta":{"footnotes":""},"categories":[62,43,44],"tags":[],"class_list":["post-69247","post","type-post","status-publish","format-standard","has-post-thumbnail","hentry","category-cultura","category-politica","category-republica-dominicana"],"_links":{"self":[{"href":"https:\/\/2horizontes.com\/index.php?rest_route=\/wp\/v2\/posts\/69247","targetHints":{"allow":["GET"]}}],"collection":[{"href":"https:\/\/2horizontes.com\/index.php?rest_route=\/wp\/v2\/posts"}],"about":[{"href":"https:\/\/2horizontes.com\/index.php?rest_route=\/wp\/v2\/types\/post"}],"author":[{"embeddable":true,"href":"https:\/\/2horizontes.com\/index.php?rest_route=\/wp\/v2\/users\/1"}],"replies":[{"embeddable":true,"href":"https:\/\/2horizontes.com\/index.php?rest_route=%2Fwp%2Fv2%2Fcomments&post=69247"}],"version-history":[{"count":2,"href":"https:\/\/2horizontes.com\/index.php?rest_route=\/wp\/v2\/posts\/69247\/revisions"}],"predecessor-version":[{"id":69250,"href":"https:\/\/2horizontes.com\/index.php?rest_route=\/wp\/v2\/posts\/69247\/revisions\/69250"}],"wp:featuredmedia":[{"embeddable":true,"href":"https:\/\/2horizontes.com\/index.php?rest_route=\/wp\/v2\/media\/69249"}],"wp:attachment":[{"href":"https:\/\/2horizontes.com\/index.php?rest_route=%2Fwp%2Fv2%2Fmedia&parent=69247"}],"wp:term":[{"taxonomy":"category","embeddable":true,"href":"https:\/\/2horizontes.com\/index.php?rest_route=%2Fwp%2Fv2%2Fcategories&post=69247"},{"taxonomy":"post_tag","embeddable":true,"href":"https:\/\/2horizontes.com\/index.php?rest_route=%2Fwp%2Fv2%2Ftags&post=69247"}],"curies":[{"name":"wp","href":"https:\/\/api.w.org\/{rel}","templated":true}]}}