{"id":69244,"date":"2019-08-16T17:22:19","date_gmt":"2019-08-16T16:22:19","guid":{"rendered":"http:\/\/2horizontes.com\/?p=69244"},"modified":"2019-08-16T17:23:43","modified_gmt":"2019-08-16T16:23:43","slug":"director-pn-y-consulado-rd-en-ny-desmienten-el-arresto-de-argenis","status":"publish","type":"post","link":"https:\/\/2horizontes.com\/?p=69244","title":{"rendered":"Director PN y Consulado RD en NY desmienten el arresto de Argenis"},"content":{"rendered":"\n<p>SANTO DOMINGO.- La Polic\u00eda desminti\u00f3 que haya sido arrestado en el aeropuerto de Punta Cana el nombrado Argenis Contreras, presunto autor material del asesinato hace dos a\u00f1os del abogado y catedr\u00e1tico universitario Yuniol Ram\u00edrez.<\/p>\n\n\n\n<p>El mayor general Ney Aldrin Bautista Almonte, director de la Uniformada, dijo que \u00e9sa es una noticia completamente falsa.&nbsp;&nbsp;\u201cEsa es una informaci\u00f3n que nadie aparece firm\u00e1ndola y que lo que busca es tergiversar por completo la realidad. Nosotros nos comunicamos inmediatamente con el comandante de la OCN en Rep\u00fablica Dominicana, nos confirm\u00f3 que es falso completamente\u201d explic\u00f3.<\/p>\n\n\n\n<p>Asegur\u00f3 que Contreras est\u00e1 preso en Estados Unidos, donde fue presentado a juicio e hizo una reclamaci\u00f3n para permanecer all\u00e1. \u00abY&nbsp; eso todav\u00eda se est\u00e1 tratando en los tribunales\u00bb, agreg\u00f3.<\/p>\n\n\n\n\n\n<p>Bautista Almonte habl\u00f3 durante la inauguraci\u00f3n de un pol\u00edgono de tiros, un gimnasio, un centro de procesamiento de datos, un pabell\u00f3n para oficiales subalternos y alistados y la remodelaci\u00f3n de un parqueo en el Palacio de la Polic\u00eda.<\/p>\n\n\n\n<p><strong>Consulado RD en NY<\/strong><\/p>\n\n\n\n<p>El arresto de Contreras tambi\u00e9n fue desmentido por el director de Relaciones P\u00fablicas del Consulado General de la Rep\u00fablica Dominicana en Nueva York, El\u00edas Barreras Corpor\u00e1n, quien dijo que cuando se difundi\u00f3 la informaci\u00f3n&nbsp;&nbsp;los abogados de esa sede. Mar\u00eda Mateo y Tamayo Tejada, \u00abde inmediato\u00bb contactaron a las autoridades penitenciarias de Estados Unidos, quienes les aseguraron que el prevenido sigue preso en una c\u00e1rcel de Hackensack, en Nueva Jersey.<\/p>\n\n\n\n<p>Inform\u00f3 que hace apenas semanas&nbsp;la Corte de Apelaci\u00f3n de Inmigraci\u00f3n neg\u00f3 a Contreras una solicitud de asilo.<\/p>\n\n\n\n<p>El asesinato de Ram\u00edrez ocurri\u00f3 el 11 de octubre de 2017. Un d\u00eda despu\u00e9s, Contreras huy\u00f3 a Estados Unidos.<\/p>\n\n\n\n<p>jt\/am-sp<\/p>\n","protected":false},"excerpt":{"rendered":"<p>SANTO DOMINGO.- La Polic\u00eda desminti\u00f3 que haya sido arrestado en el aeropuerto de Punta Cana el nombrado Argenis Contreras, presunto autor material del asesinato hace dos a\u00f1os del abogado y catedr\u00e1tico universitario Yuniol Ram\u00edrez. El mayor general Ney Aldrin Bautista Almonte, director de la Uniformada, dijo que \u00e9sa es una noticia completamente falsa.&nbsp;&nbsp;\u201cEsa es una [&hellip;]<\/p>\n","protected":false},"author":1,"featured_media":69246,"comment_status":"open","ping_status":"open","sticky":false,"template":"","format":"standard","meta":{"footnotes":""},"categories":[44],"tags":[],"class_list":["post-69244","post","type-post","status-publish","format-standard","has-post-thumbnail","hentry","category-republica-dominicana"],"_links":{"self":[{"href":"https:\/\/2horizontes.com\/index.php?rest_route=\/wp\/v2\/posts\/69244","targetHints":{"allow":["GET"]}}],"collection":[{"href":"https:\/\/2horizontes.com\/index.php?rest_route=\/wp\/v2\/posts"}],"about":[{"href":"https:\/\/2horizontes.com\/index.php?rest_route=\/wp\/v2\/types\/post"}],"author":[{"embeddable":true,"href":"https:\/\/2horizontes.com\/index.php?rest_route=\/wp\/v2\/users\/1"}],"replies":[{"embeddable":true,"href":"https:\/\/2horizontes.com\/index.php?rest_route=%2Fwp%2Fv2%2Fcomments&post=69244"}],"version-history":[{"count":1,"href":"https:\/\/2horizontes.com\/index.php?rest_route=\/wp\/v2\/posts\/69244\/revisions"}],"predecessor-version":[{"id":69245,"href":"https:\/\/2horizontes.com\/index.php?rest_route=\/wp\/v2\/posts\/69244\/revisions\/69245"}],"wp:featuredmedia":[{"embeddable":true,"href":"https:\/\/2horizontes.com\/index.php?rest_route=\/wp\/v2\/media\/69246"}],"wp:attachment":[{"href":"https:\/\/2horizontes.com\/index.php?rest_route=%2Fwp%2Fv2%2Fmedia&parent=69244"}],"wp:term":[{"taxonomy":"category","embeddable":true,"href":"https:\/\/2horizontes.com\/index.php?rest_route=%2Fwp%2Fv2%2Fcategories&post=69244"},{"taxonomy":"post_tag","embeddable":true,"href":"https:\/\/2horizontes.com\/index.php?rest_route=%2Fwp%2Fv2%2Ftags&post=69244"}],"curies":[{"name":"wp","href":"https:\/\/api.w.org\/{rel}","templated":true}]}}