{"id":69237,"date":"2019-08-16T17:05:47","date_gmt":"2019-08-16T16:05:47","guid":{"rendered":"http:\/\/2horizontes.com\/?p=69237"},"modified":"2019-08-16T17:05:49","modified_gmt":"2019-08-16T16:05:49","slug":"martinez-ve-designacion-de-camacho-viola-pacto-y-envia-senal-de-desunion","status":"publish","type":"post","link":"https:\/\/2horizontes.com\/?p=69237","title":{"rendered":"Mart\u00ednez ve designaci\u00f3n de Camacho viola pacto y env\u00eda se\u00f1al de desuni\u00f3n"},"content":{"rendered":"\n<p>SANTO DOMINGO.-&nbsp;La designaci\u00f3n de Radham\u00e9s Camacho como presidente de la C\u00e1mara de Diputados es una violaci\u00f3n al pacto rubricado en 2015 por leonelistas y danilistas y env\u00eda una se\u00f1al de desuni\u00f3n y de incumplimiento de la palabra empe\u00f1ada al pueblo dominicano, declar\u00f3 este viernes el diputado Dem\u00f3stenes Mart\u00ednez, a quien seg\u00fan el acuerdo correspond\u00eda dirigir ese \u00f3rgano hasta el 2020.<\/p>\n\n\n\n<p>\u00abCon sorpresa, acabamos de asistir a un acto que contraviene los ideales y convicciones con las cuales fuimos formados, bajo las siglas del PLD, y la inmortal impronta del profesor Juan Bosch\u201d, afirm\u00f3 el legislador leonelistas en un documento enviado a ALMOMENTO.NET<strong>A continuaci\u00f3n el texto \u00edntegro:<\/strong><\/p>\n\n\n\n<p>\u00abAcabamos de asistir a un acto que contraviene los ideales y convicciones con las cuales fuimos formados, bajo las siglas del PLD y la inmortal impronta del profesor Juan Bosch.<\/p>\n\n\n\n\n\n<p>Como acaba de presenciar el pueblo dominicano, se ha violado el acuerdo, fruto de un pacto del 23 de mayo del a\u00f1o 2015 refrendado por todas las instancias del PLD, su Comit\u00e9 Pol\u00edtico, Comit\u00e9 Central y una plenaria nacional. Por igual, tuvo la ratificaci\u00f3n del propio Tribunal Superior Electoral, es decir el pacto adquiri\u00f3 fuerza de ley.<\/p>\n\n\n\n<p>Como consecuencia de este, se arrib\u00f3 a un acuerdo partidario de unidad interna, aprobado y firmado por todos los miembros del Comit\u00e9 Pol\u00edtico, el 5 de julio del 2016, en el que se estableci\u00f3, con nombre y apellido, la alternabilidad en el bufete directivo de la C\u00e1mara de Diputados.<\/p>\n\n\n\n<p>Por consiguiente, esta violaci\u00f3n al Pacto y al acuerdo env\u00eda una se\u00f1al de desuni\u00f3n y el incumplimiento de la palabra empe\u00f1ada al pueblo dominicano, al mismo soberano al que saldremos a pedir el voto para que el PLD, en todos sus niveles, siga dirigiendo los destinos de esta gran naci\u00f3n.<\/p>\n\n\n\n<p>Muy a pesar de que el presidente del PLD, Leonel Fern\u00e1ndez, el secretario general del partido, Reinaldo Pared P\u00e9rez, y diversos miembros del Comit\u00e9 Pol\u00edtico se pronunciaron a favor del respeto y cumplimiento de lo pactado; nuestros compa\u00f1eros diputados actuaron a espaldas del sentir partidario y del anhelo de la poblaci\u00f3n.<\/p>\n\n\n\n<p>Como diputados y diputadas de la Rep\u00fablica; y miembros del Comit\u00e9 Central, nos reservamos el derecho constitucional de actuar de acuerdo a la presente coyuntura demanda e impone, siempre trabajando en honor a una conciencia ciudadana respetuosa de la ley de los pactos.<\/p>\n\n\n\n<p>Con orgullo y tranquilidad, podemos afirmar que las evidencias reflejan que estamos del lado correcto de la historia; en contraposici\u00f3n a quienes hoy han violado el pacto y han comprometido la futura institucionalidad y disciplina partidaria.<\/p>\n\n\n\n<p>Sin lugar a dudas, esta batalla, lejos de distraernos en los desaf\u00edos inmediatos y trascendentales, nos reafirma en nuestras convicciones y principios, siempre orgullosos de seguir el liderazgo que encarna el doctor Leonel Fern\u00e1ndez.<\/p>\n\n\n\n<p>Con la fuerza del pueblo venceremos.<\/p>\n","protected":false},"excerpt":{"rendered":"<p>SANTO DOMINGO.-&nbsp;La designaci\u00f3n de Radham\u00e9s Camacho como presidente de la C\u00e1mara de Diputados es una violaci\u00f3n al pacto rubricado en 2015 por leonelistas y danilistas y env\u00eda una se\u00f1al de desuni\u00f3n y de incumplimiento de la palabra empe\u00f1ada al pueblo dominicano, declar\u00f3 este viernes el diputado Dem\u00f3stenes Mart\u00ednez, a quien seg\u00fan el acuerdo correspond\u00eda dirigir [&hellip;]<\/p>\n","protected":false},"author":1,"featured_media":69238,"comment_status":"open","ping_status":"open","sticky":false,"template":"","format":"standard","meta":{"footnotes":""},"categories":[43,44],"tags":[],"class_list":["post-69237","post","type-post","status-publish","format-standard","has-post-thumbnail","hentry","category-politica","category-republica-dominicana"],"_links":{"self":[{"href":"https:\/\/2horizontes.com\/index.php?rest_route=\/wp\/v2\/posts\/69237","targetHints":{"allow":["GET"]}}],"collection":[{"href":"https:\/\/2horizontes.com\/index.php?rest_route=\/wp\/v2\/posts"}],"about":[{"href":"https:\/\/2horizontes.com\/index.php?rest_route=\/wp\/v2\/types\/post"}],"author":[{"embeddable":true,"href":"https:\/\/2horizontes.com\/index.php?rest_route=\/wp\/v2\/users\/1"}],"replies":[{"embeddable":true,"href":"https:\/\/2horizontes.com\/index.php?rest_route=%2Fwp%2Fv2%2Fcomments&post=69237"}],"version-history":[{"count":1,"href":"https:\/\/2horizontes.com\/index.php?rest_route=\/wp\/v2\/posts\/69237\/revisions"}],"predecessor-version":[{"id":69239,"href":"https:\/\/2horizontes.com\/index.php?rest_route=\/wp\/v2\/posts\/69237\/revisions\/69239"}],"wp:featuredmedia":[{"embeddable":true,"href":"https:\/\/2horizontes.com\/index.php?rest_route=\/wp\/v2\/media\/69238"}],"wp:attachment":[{"href":"https:\/\/2horizontes.com\/index.php?rest_route=%2Fwp%2Fv2%2Fmedia&parent=69237"}],"wp:term":[{"taxonomy":"category","embeddable":true,"href":"https:\/\/2horizontes.com\/index.php?rest_route=%2Fwp%2Fv2%2Fcategories&post=69237"},{"taxonomy":"post_tag","embeddable":true,"href":"https:\/\/2horizontes.com\/index.php?rest_route=%2Fwp%2Fv2%2Ftags&post=69237"}],"curies":[{"name":"wp","href":"https:\/\/api.w.org\/{rel}","templated":true}]}}