{"id":69233,"date":"2019-08-16T16:55:55","date_gmt":"2019-08-16T15:55:55","guid":{"rendered":"http:\/\/2horizontes.com\/?p=69233"},"modified":"2019-08-16T16:56:45","modified_gmt":"2019-08-16T15:56:45","slug":"radhames-camacho-es-elegido-para-presidir-de-nuevo-camara-de-diputados","status":"publish","type":"post","link":"https:\/\/2horizontes.com\/?p=69233","title":{"rendered":"Radham\u00e9s Camacho es elegido para presidir de nuevo C\u00e1mara de Diputados"},"content":{"rendered":"\n<p>SANTO DOMINGO.- El Bloque de Diputados del Partido de la Liberaci\u00f3n Dominicana (PLD) escogi\u00f3 a Radham\u00e9s Camacho para presidir nueva vez la C\u00e1mara de Diputados.<\/p>\n\n\n\n<p>Camacho fue propuesto por Gustavo S\u00e1nchez, quien manifest\u00f3 que \u00ab\u00e9l ha hecho un buen trabajo\u00bb.<\/p>\n\n\n\n<p>Adem\u00e1s de Camacho, en el buffet tambi\u00e9n figuran \u00c1ngela Pozo como vicepresidenta y los secretarios Juan Julio Campos e Ivannia Rivera.<\/p>\n\n\n\n\n\n<p>Con la elecci\u00f3n de Camacho el danilismo viol\u00f3 el acuerdo de alternabilidad que firm\u00f3 con los leonelistas en 2015 y que refrend\u00f3 el Comit\u00e9 Pol\u00edtico del PLD.<\/p>\n\n\n\n<p>El diputado leonelista Francisco Antonio Mancebo propuso a Dem\u00f3stenes Mart\u00ednez para que presidiera la C\u00e1mara Baja, como vicepresidenta a Miledys N\u00fa\u00f1ez y como secretarios a Yvanna Rivera y Juan Julio Campos.<\/p>\n\n\n\n<p>Camacho obtuvo 120 votos frente a 35 de Mart\u00ednez y fue&nbsp;juramentado por M\u00e1ximo Castro Silverio.<\/p>\n\n\n\n<p><strong>PRM no present\u00f3 plancha<\/strong><\/p>\n\n\n\n<p>El opositor Partido Revolucionario Moderno (PRM) no present\u00f3 ninguna plancha o aspiraciones para el bufete directivo.<\/p>\n\n\n\n<p>Alfredo Pacheco, fungiendo de vocero de los diputados del PRM, dijo que la dirigencia de su partido dej\u00f3 en libertad a sus legisladores para que voten por el candidato de su preferencia o se abstengan de hacerlo.<\/p>\n\n\n\n<p>Declar\u00f3 que lo relativo al bufete es \u00abun Asunto del PLD y no vamos a inmiscuirnos en sus problemas\u00bb<\/p>\n","protected":false},"excerpt":{"rendered":"<p>SANTO DOMINGO.- El Bloque de Diputados del Partido de la Liberaci\u00f3n Dominicana (PLD) escogi\u00f3 a Radham\u00e9s Camacho para presidir nueva vez la C\u00e1mara de Diputados. Camacho fue propuesto por Gustavo S\u00e1nchez, quien manifest\u00f3 que \u00ab\u00e9l ha hecho un buen trabajo\u00bb. Adem\u00e1s de Camacho, en el buffet tambi\u00e9n figuran \u00c1ngela Pozo como vicepresidenta y los secretarios [&hellip;]<\/p>\n","protected":false},"author":1,"featured_media":69234,"comment_status":"open","ping_status":"open","sticky":false,"template":"","format":"standard","meta":{"footnotes":""},"categories":[43,44],"tags":[],"class_list":["post-69233","post","type-post","status-publish","format-standard","has-post-thumbnail","hentry","category-politica","category-republica-dominicana"],"_links":{"self":[{"href":"https:\/\/2horizontes.com\/index.php?rest_route=\/wp\/v2\/posts\/69233","targetHints":{"allow":["GET"]}}],"collection":[{"href":"https:\/\/2horizontes.com\/index.php?rest_route=\/wp\/v2\/posts"}],"about":[{"href":"https:\/\/2horizontes.com\/index.php?rest_route=\/wp\/v2\/types\/post"}],"author":[{"embeddable":true,"href":"https:\/\/2horizontes.com\/index.php?rest_route=\/wp\/v2\/users\/1"}],"replies":[{"embeddable":true,"href":"https:\/\/2horizontes.com\/index.php?rest_route=%2Fwp%2Fv2%2Fcomments&post=69233"}],"version-history":[{"count":2,"href":"https:\/\/2horizontes.com\/index.php?rest_route=\/wp\/v2\/posts\/69233\/revisions"}],"predecessor-version":[{"id":69236,"href":"https:\/\/2horizontes.com\/index.php?rest_route=\/wp\/v2\/posts\/69233\/revisions\/69236"}],"wp:featuredmedia":[{"embeddable":true,"href":"https:\/\/2horizontes.com\/index.php?rest_route=\/wp\/v2\/media\/69234"}],"wp:attachment":[{"href":"https:\/\/2horizontes.com\/index.php?rest_route=%2Fwp%2Fv2%2Fmedia&parent=69233"}],"wp:term":[{"taxonomy":"category","embeddable":true,"href":"https:\/\/2horizontes.com\/index.php?rest_route=%2Fwp%2Fv2%2Fcategories&post=69233"},{"taxonomy":"post_tag","embeddable":true,"href":"https:\/\/2horizontes.com\/index.php?rest_route=%2Fwp%2Fv2%2Ftags&post=69233"}],"curies":[{"name":"wp","href":"https:\/\/api.w.org\/{rel}","templated":true}]}}