{"id":69210,"date":"2019-07-16T12:00:58","date_gmt":"2019-07-16T11:00:58","guid":{"rendered":"http:\/\/2horizontes.com\/?p=69210"},"modified":"2019-07-16T12:00:59","modified_gmt":"2019-07-16T11:00:59","slug":"leonelistas-no-opinan-sobre-lo-dicho-por-el-vocero-del-gobierno","status":"publish","type":"post","link":"https:\/\/2horizontes.com\/?p=69210","title":{"rendered":"Leonelistas no opinan sobre lo dicho por el Vocero del Gobierno"},"content":{"rendered":"\n<p>SANTO DOMINGO.- El sector de Leonel Fern\u00e1ndez opin\u00f3 que fue un \u00abexabrupto\u00bb del&nbsp; vocero de la Presidencia, Roberto Rodr\u00edguez Marchena, al tachar al ex presidente Leonel Fern\u00e1ndez y a la corriente que dirige dentro del PLD de \u00abinsolentes\u00bb, \u00abni\u00f1os malcriados\u00bb y&nbsp; \u00abresentidos\u00bb y se\u00f1alar que han tenido actitudes \u00abdictatoriales\u00bb y \u00abchantajistas\u00bb.<\/p>\n\n\n\n<p>En este sentido Rafael Alburquerque, el ex vicepresidente de la Rep\u00fablica y miembro prominente del sector Leonelista, dijo: \u00abNo tenemos que valorar ni dar ninguna respuesta a esa reacci\u00f3n que a nuestro entender fue un exabrupto. Ofende el que puede\u00bb.<\/p>\n\n\n\n<p>Para Alburquerque, \u00abla respuesta (a Marchena) es que nuestra Constituci\u00f3n no se toca, la Constituci\u00f3n se defiende, la Constituci\u00f3n se respeta\u00bb y afirm\u00f3 que su postura es \u00abrespetar la disciplina del partido\u00bb, en referencia al acuerdo que \u00abtodos\u00bb firmaron en 2015 en el seno del PLD.<\/p>\n\n\n\n\n\n<p>Fern\u00e1ndez, que ya present\u00f3 su precandidatura a la Presidencia por el PLD para las elecciones de 2020 es unos de los principales detractores de una modificaci\u00f3n de la carta magna que permita a Medina volver a postularse, tras salir victorioso en los comicios de 2012 y 2016.<\/p>\n","protected":false},"excerpt":{"rendered":"<p>SANTO DOMINGO.- El sector de Leonel Fern\u00e1ndez opin\u00f3 que fue un \u00abexabrupto\u00bb del&nbsp; vocero de la Presidencia, Roberto Rodr\u00edguez Marchena, al tachar al ex presidente Leonel Fern\u00e1ndez y a la corriente que dirige dentro del PLD de \u00abinsolentes\u00bb, \u00abni\u00f1os malcriados\u00bb y&nbsp; \u00abresentidos\u00bb y se\u00f1alar que han tenido actitudes \u00abdictatoriales\u00bb y \u00abchantajistas\u00bb. En este sentido Rafael [&hellip;]<\/p>\n","protected":false},"author":1,"featured_media":69211,"comment_status":"open","ping_status":"open","sticky":false,"template":"","format":"standard","meta":{"footnotes":""},"categories":[43,44],"tags":[],"class_list":["post-69210","post","type-post","status-publish","format-standard","has-post-thumbnail","hentry","category-politica","category-republica-dominicana"],"_links":{"self":[{"href":"https:\/\/2horizontes.com\/index.php?rest_route=\/wp\/v2\/posts\/69210","targetHints":{"allow":["GET"]}}],"collection":[{"href":"https:\/\/2horizontes.com\/index.php?rest_route=\/wp\/v2\/posts"}],"about":[{"href":"https:\/\/2horizontes.com\/index.php?rest_route=\/wp\/v2\/types\/post"}],"author":[{"embeddable":true,"href":"https:\/\/2horizontes.com\/index.php?rest_route=\/wp\/v2\/users\/1"}],"replies":[{"embeddable":true,"href":"https:\/\/2horizontes.com\/index.php?rest_route=%2Fwp%2Fv2%2Fcomments&post=69210"}],"version-history":[{"count":1,"href":"https:\/\/2horizontes.com\/index.php?rest_route=\/wp\/v2\/posts\/69210\/revisions"}],"predecessor-version":[{"id":69212,"href":"https:\/\/2horizontes.com\/index.php?rest_route=\/wp\/v2\/posts\/69210\/revisions\/69212"}],"wp:featuredmedia":[{"embeddable":true,"href":"https:\/\/2horizontes.com\/index.php?rest_route=\/wp\/v2\/media\/69211"}],"wp:attachment":[{"href":"https:\/\/2horizontes.com\/index.php?rest_route=%2Fwp%2Fv2%2Fmedia&parent=69210"}],"wp:term":[{"taxonomy":"category","embeddable":true,"href":"https:\/\/2horizontes.com\/index.php?rest_route=%2Fwp%2Fv2%2Fcategories&post=69210"},{"taxonomy":"post_tag","embeddable":true,"href":"https:\/\/2horizontes.com\/index.php?rest_route=%2Fwp%2Fv2%2Ftags&post=69210"}],"curies":[{"name":"wp","href":"https:\/\/api.w.org\/{rel}","templated":true}]}}