{"id":69200,"date":"2019-07-16T11:39:05","date_gmt":"2019-07-16T10:39:05","guid":{"rendered":"http:\/\/2horizontes.com\/?p=69200"},"modified":"2019-07-16T11:40:28","modified_gmt":"2019-07-16T10:40:28","slug":"fallecio-el-politico-hugo-tolentino-dipp","status":"publish","type":"post","link":"https:\/\/2horizontes.com\/?p=69200","title":{"rendered":"Falleci\u00f3 el pol\u00edtico Hugo Tolentino Dipp"},"content":{"rendered":"\n<p>SANTO DOMINGO.- Falleci\u00f3 la noche de este lunes el excanciller dominicano, Hugo Tolentino Dipp. Ten\u00eda 88 a\u00f1os de edad.<\/p>\n\n\n\n<p>La noticia de su deceso fue difundida por el presidente del Partido Revolucionario Moderno (PRM), Jos\u00e9 Ignacio Paliza.<\/p>\n\n\n\n<p>\u201cSiento informar la dolorosa partida de D. Hugo Tolentino Dipp; ejemplo de hombre p\u00fablico, fundador del @PRM_Oficial. Paz a su alma\u201d, escribi\u00f3 Paliza en su cuenta de Twitter.<\/p>\n\n\n\n<p>Se desconocen las causas de su fallecimiento.<\/p>\n\n\n\n<p>Oriundo de Santiago de los Caballeros, Tolentino particip\u00f3 en la revoluci\u00f3n constitucionalista de 1965, siendo parte del n\u00facleo asesor del presidente Francisco Alberto Caama\u00f1o y uno de los redactores del proyecto de Constituci\u00f3n que present\u00f3 el gobierno a los mediadores de la Organizaci\u00f3n de Estados Americanos (OEA).<\/p>\n\n\n\n<p>Fue diputado por el Distrito Nacional en los per\u00edodos de 1982-1986 y 1986-1990, habiendo ejercido como presidente de la C\u00e1mara en la primera etapa, y entre 2000 y 2004 estuvo al frente del Ministerio de Exteriores, durante el Gobierno el presidente Hipolito Mej\u00eda.<\/p>\n\n\n\n<p>Antes de fundar el PRM en el a\u00f1o 2014 ostent\u00f3 diversos cargos en el Partido Revolucionario Dominicano (PRD), entre ellos el de vicepresidente, organizaci\u00f3n que abandon\u00f3 junto a otros compa\u00f1eros de filas para crear el nuevo partido por cual fue diputado entre 2010 y 2016.<\/p>\n\n\n\n<p>En su faceta de escritor, public\u00f3 una docena de libros, y dict\u00f3 numerosas conferencias en la Rep\u00fablica Dominicana as\u00ed como en el exterior, y desarroll\u00f3 una intensa labor acad\u00e9mica y administrativa en Universidad aut\u00f3noma de Santo Domingo (UASD).<\/p>\n\n\n\n<p>sp-am<\/p>\n","protected":false},"excerpt":{"rendered":"<p>SANTO DOMINGO.- Falleci\u00f3 la noche de este lunes el excanciller dominicano, Hugo Tolentino Dipp. Ten\u00eda 88 a\u00f1os de edad. La noticia de su deceso fue difundida por el presidente del Partido Revolucionario Moderno (PRM), Jos\u00e9 Ignacio Paliza. \u201cSiento informar la dolorosa partida de D. Hugo Tolentino Dipp; ejemplo de hombre p\u00fablico, fundador del @PRM_Oficial. Paz [&hellip;]<\/p>\n","protected":false},"author":1,"featured_media":69201,"comment_status":"open","ping_status":"open","sticky":false,"template":"","format":"standard","meta":{"footnotes":""},"categories":[43,44],"tags":[],"class_list":["post-69200","post","type-post","status-publish","format-standard","has-post-thumbnail","hentry","category-politica","category-republica-dominicana"],"_links":{"self":[{"href":"https:\/\/2horizontes.com\/index.php?rest_route=\/wp\/v2\/posts\/69200","targetHints":{"allow":["GET"]}}],"collection":[{"href":"https:\/\/2horizontes.com\/index.php?rest_route=\/wp\/v2\/posts"}],"about":[{"href":"https:\/\/2horizontes.com\/index.php?rest_route=\/wp\/v2\/types\/post"}],"author":[{"embeddable":true,"href":"https:\/\/2horizontes.com\/index.php?rest_route=\/wp\/v2\/users\/1"}],"replies":[{"embeddable":true,"href":"https:\/\/2horizontes.com\/index.php?rest_route=%2Fwp%2Fv2%2Fcomments&post=69200"}],"version-history":[{"count":2,"href":"https:\/\/2horizontes.com\/index.php?rest_route=\/wp\/v2\/posts\/69200\/revisions"}],"predecessor-version":[{"id":69203,"href":"https:\/\/2horizontes.com\/index.php?rest_route=\/wp\/v2\/posts\/69200\/revisions\/69203"}],"wp:featuredmedia":[{"embeddable":true,"href":"https:\/\/2horizontes.com\/index.php?rest_route=\/wp\/v2\/media\/69201"}],"wp:attachment":[{"href":"https:\/\/2horizontes.com\/index.php?rest_route=%2Fwp%2Fv2%2Fmedia&parent=69200"}],"wp:term":[{"taxonomy":"category","embeddable":true,"href":"https:\/\/2horizontes.com\/index.php?rest_route=%2Fwp%2Fv2%2Fcategories&post=69200"},{"taxonomy":"post_tag","embeddable":true,"href":"https:\/\/2horizontes.com\/index.php?rest_route=%2Fwp%2Fv2%2Ftags&post=69200"}],"curies":[{"name":"wp","href":"https:\/\/api.w.org\/{rel}","templated":true}]}}