{"id":69194,"date":"2019-07-11T14:35:52","date_gmt":"2019-07-11T13:35:52","guid":{"rendered":"http:\/\/2horizontes.com\/?p=69194"},"modified":"2019-07-11T14:37:38","modified_gmt":"2019-07-11T13:37:38","slug":"sergio-vargas-revela-toco-al-narcotraficante-pablo-escobar-en-la-rd","status":"publish","type":"post","link":"https:\/\/2horizontes.com\/?p=69194","title":{"rendered":"Sergio Vargas revela toc\u00f3 al narcotraficante Pablo Escobar en la RD"},"content":{"rendered":"\n<p>VILLA ALTAGRACIA, Rep\u00fablica Dominicana.- El merenguero Sergio Vargas revel\u00f3 que la primera vez que toc\u00f3 para el narcotraficante Pablo Escobar fue en Rep\u00fablica Dominicana, en el a\u00f1o 1985.<\/p>\n\n\n\n<p>En una entrevista concedida al comunicador Tony Dandrades, Vargas explic\u00f3 que antes de tener problemas con la justicia, Escobar hac\u00eda una vida normal.<\/p>\n\n\n\n<p>El int\u00e9rprete de \u201cLa Ventanita\u201d sostuvo que nunca lleg\u00f3 a hablar con el narcotraficante, pero que le gustaba mucho bailar merengue.<\/p>\n\n\n\n\n\n<p>Aunque no abundaron en el tema, el artista sostuvo que le ha \u201ctocado a otros, pero problema de ellos\u201d.<\/p>\n\n\n\n<p>\u201cNo aprend\u00ed a &nbsp;tomar alcohol, la droga no la prob\u00e9. Yo le recomiendo a todos y cada uno de los j\u00f3venes que empiezan su carrera que chequeen que es lo que quieren, porque el mundo est\u00e1 dividido en dos: un grupo que construye y otro que destruye\u201d, sostuvo.<\/p>\n\n\n\n<p>Adem\u00e1s del tema sobre Pablo Escobar, Dandrades y Vargas conversaron sobre su pasado en la pol\u00edtica, la m\u00fasica y los planes futuros del artista en beneficio de su comunidad.<\/p>\n\n\n\n<p>of-am<\/p>\n","protected":false},"excerpt":{"rendered":"<p>VILLA ALTAGRACIA, Rep\u00fablica Dominicana.- El merenguero Sergio Vargas revel\u00f3 que la primera vez que toc\u00f3 para el narcotraficante Pablo Escobar fue en Rep\u00fablica Dominicana, en el a\u00f1o 1985. En una entrevista concedida al comunicador Tony Dandrades, Vargas explic\u00f3 que antes de tener problemas con la justicia, Escobar hac\u00eda una vida normal. El int\u00e9rprete de \u201cLa [&hellip;]<\/p>\n","protected":false},"author":4,"featured_media":69196,"comment_status":"open","ping_status":"open","sticky":false,"template":"","format":"standard","meta":{"footnotes":""},"categories":[1,43,53,44],"tags":[],"class_list":["post-69194","post","type-post","status-publish","format-standard","has-post-thumbnail","hentry","category-entretenimiento","category-politica","category-provincias","category-republica-dominicana"],"_links":{"self":[{"href":"https:\/\/2horizontes.com\/index.php?rest_route=\/wp\/v2\/posts\/69194","targetHints":{"allow":["GET"]}}],"collection":[{"href":"https:\/\/2horizontes.com\/index.php?rest_route=\/wp\/v2\/posts"}],"about":[{"href":"https:\/\/2horizontes.com\/index.php?rest_route=\/wp\/v2\/types\/post"}],"author":[{"embeddable":true,"href":"https:\/\/2horizontes.com\/index.php?rest_route=\/wp\/v2\/users\/4"}],"replies":[{"embeddable":true,"href":"https:\/\/2horizontes.com\/index.php?rest_route=%2Fwp%2Fv2%2Fcomments&post=69194"}],"version-history":[{"count":1,"href":"https:\/\/2horizontes.com\/index.php?rest_route=\/wp\/v2\/posts\/69194\/revisions"}],"predecessor-version":[{"id":69195,"href":"https:\/\/2horizontes.com\/index.php?rest_route=\/wp\/v2\/posts\/69194\/revisions\/69195"}],"wp:featuredmedia":[{"embeddable":true,"href":"https:\/\/2horizontes.com\/index.php?rest_route=\/wp\/v2\/media\/69196"}],"wp:attachment":[{"href":"https:\/\/2horizontes.com\/index.php?rest_route=%2Fwp%2Fv2%2Fmedia&parent=69194"}],"wp:term":[{"taxonomy":"category","embeddable":true,"href":"https:\/\/2horizontes.com\/index.php?rest_route=%2Fwp%2Fv2%2Fcategories&post=69194"},{"taxonomy":"post_tag","embeddable":true,"href":"https:\/\/2horizontes.com\/index.php?rest_route=%2Fwp%2Fv2%2Ftags&post=69194"}],"curies":[{"name":"wp","href":"https:\/\/api.w.org\/{rel}","templated":true}]}}