{"id":69185,"date":"2019-07-09T13:17:09","date_gmt":"2019-07-09T12:17:09","guid":{"rendered":"http:\/\/2horizontes.com\/?p=69185"},"modified":"2019-07-09T13:17:11","modified_gmt":"2019-07-09T12:17:11","slug":"dos-rectoras-en-la-historia-juntas-las-primeras-mujeres-rectora-de-las-universidades-primada-america-en-480-anos-y-de-valencia-en-520-anos","status":"publish","type":"post","link":"https:\/\/2horizontes.com\/?p=69185","title":{"rendered":"Dos Rectoras en la Historia: Juntas las Primeras Mujeres Rectora de las Universidades Primada Am\u00e9rica en 480 a\u00f1os y de Valencia en 520 a\u00f1os."},"content":{"rendered":"\n<p><strong>Santo\nDomingo, RD.<\/strong> <\/p>\n\n\n\n<p>La Rectora de la Universidad de Valencia, Dra. Mar\u00eda Vicenta Mestre, primera mujer rectora de esta instituci\u00f3n\u00a0 en 520 a\u00f1os, aprovechar\u00e1 su visita oficial a Rep\u00fablica Dominicana, para reunirse con su hom\u00f3loga la Rectora de la UASD, Universidad Primada de Am\u00e9rica, la Dra. Emma Polanco, primera mujer en ocupar la rector\u00eda en 480 de existencia de la academia. La visita es promovida por el INTRANT.<\/p>\n\n\n\n<p>Estas dos ilustradas de la excelencia acad\u00e9mica se re\u00fanen por\nprimera vez, el pr\u00f3ximo martes 9 de julio, en el campus de la UASD. <\/p>\n\n\n\n<p>La rectora de la universidad de Valencia visita a Rep\u00fablica\nDominicana con mira a establecer acuerdos de cooperaci\u00f3n, acuerdos\ninterinstitucionales, trasferencia de conocimiento y tecnolog\u00eda , ejemplos de\nbuenas pr\u00e1cticas en diferentes \u00e1reas del saber, principalmente en el \u00e1mbito del\ntr\u00e1nsito y la seguridad vial, donde&nbsp; hace\nfalta la formaci\u00f3n de t\u00e9cnicos y expertos que requiere el pa\u00eds de cara a&nbsp; aplicaci\u00f3n de la nueva ley de tr\u00e1nsito y al\nPlan Estrat\u00e9gico Nacional de Tr\u00e1nsito y Seguridad vial.&nbsp; <\/p>\n\n\n\n<p>La Rectora Mestre, adem\u00e1s de la UASD, visitar\u00e1 y sostendr\u00e1\nencuentros con otras universidades e instituciones del pa\u00eds, comenzando por el\nINTRANT, as\u00ed como con los Ministerios de educaci\u00f3n Superior, de educaci\u00f3n y de\nla Mujer, con el INAFOCAM, con la Asociaci\u00f3n Dominicana de Universidades\n(ADOU), con la Asociaci\u00f3n Dominicana de Rectores de Universidades (ADRU), entre\notras.<\/p>\n\n\n\n<p>Freddy Garc\u00eda, quien est\u00e1 coordinando, la agenda de la visita\nrectora de la Universidad de Valencia en la Rep\u00fablica Dominicana, dijo que este\nes un acontecimiento&nbsp; hist\u00f3rico&nbsp; del cual la naci\u00f3n&nbsp; dominicana obtendr\u00e1&nbsp; resultados excelentes en el corto plazo,\naplicando siempre la intervenci\u00f3n de la academia, los criterios y conocimientos\ncient\u00edficos y tecnol\u00f3gicos. <\/p>\n\n\n\n<p><strong>Trayectoria de las Gladiadoras\ndel saber: <\/strong><\/p>\n\n\n\n<p>Ambas rectoras han forjado sus triunfos bajo la lucha, la\nfortaleza del saber y del conocimiento en las academias, conquistado sus\nespacios y sus posiciones.&nbsp; <\/p>\n\n\n\n<p><strong>La Rectora Polanco<\/strong> es Doctora en Econom\u00eda Aplicada, Maestr\u00eda en Econom\u00eda Aplicada,\npostgrado en Contabilidad Impositiva,&nbsp;\nLicenciatura en Contabilidad. <\/p>\n\n\n\n<p>En la UASD ha sido Decana de la Facultad de Ciencias Econ\u00f3micas y\nsociales; Vice Decana de la facultad; Investigadora en esta facultad; Directora\nde la Escuela de Contabilidad.<\/p>\n\n\n\n<p>En INTEC ha desempe\u00f1ado las funciones de Directora de la Escuela\nde contabilidad; Profesora de contabilidad de costos; profesora de Maestr\u00eda en\nel \u00e1rea de contabilidad. Vicepresidenta de la Asociaci\u00f3n Interamericana de\nContabilidad.<\/p>\n\n\n\n<p><strong>La Rectora Mestre, <\/strong>es Doctora en Psicolog\u00eda y Catedr\u00e1tica de Psicolog\u00eda B\u00e1sica. <\/p>\n\n\n\n<p>Fue Vicedecana\nde la facultad de Psicolog\u00eda. Decana de la misma facultad y Vicerrectora de\nEstudios, tambi\u00e9n Vicerrectora de Ordenamiento Acad\u00e9mico.<\/p>\n\n\n\n<p>Su actividad\ncient\u00edfica se centra en los procesos socioculturales, de socializaci\u00f3n,\nemociones y variables de personalidad asociados con la empat\u00eda y la conducta de\nayuda en ni\u00f1os, adolescentes y j\u00f3venes, as\u00ed como los relacionados con la\nagresividad y la conducta desadaptada.<\/p>\n\n\n\n<p>Es autora de\nm\u00e1s 160 art\u00edculos en revistas nacionales e internacionales, la mayor\u00eda\nindexadas en el Science Citation Index y con elevados factores de impacto en el\ncampo de la Psicolog\u00eda<\/p>\n","protected":false},"excerpt":{"rendered":"<p>Santo Domingo, RD. La Rectora de la Universidad de Valencia, Dra. Mar\u00eda Vicenta Mestre, primera mujer rectora de esta instituci\u00f3n\u00a0 en 520 a\u00f1os, aprovechar\u00e1 su visita oficial a Rep\u00fablica Dominicana, para reunirse con su hom\u00f3loga la Rectora de la UASD, Universidad Primada de Am\u00e9rica, la Dra. Emma Polanco, primera mujer en ocupar la rector\u00eda en [&hellip;]<\/p>\n","protected":false},"author":4,"featured_media":69186,"comment_status":"open","ping_status":"open","sticky":false,"template":"","format":"standard","meta":{"footnotes":""},"categories":[62,55,86,40,44],"tags":[],"class_list":["post-69185","post","type-post","status-publish","format-standard","has-post-thumbnail","hentry","category-cultura","category-educacion","category-europa","category-internacionales","category-republica-dominicana"],"_links":{"self":[{"href":"https:\/\/2horizontes.com\/index.php?rest_route=\/wp\/v2\/posts\/69185","targetHints":{"allow":["GET"]}}],"collection":[{"href":"https:\/\/2horizontes.com\/index.php?rest_route=\/wp\/v2\/posts"}],"about":[{"href":"https:\/\/2horizontes.com\/index.php?rest_route=\/wp\/v2\/types\/post"}],"author":[{"embeddable":true,"href":"https:\/\/2horizontes.com\/index.php?rest_route=\/wp\/v2\/users\/4"}],"replies":[{"embeddable":true,"href":"https:\/\/2horizontes.com\/index.php?rest_route=%2Fwp%2Fv2%2Fcomments&post=69185"}],"version-history":[{"count":1,"href":"https:\/\/2horizontes.com\/index.php?rest_route=\/wp\/v2\/posts\/69185\/revisions"}],"predecessor-version":[{"id":69187,"href":"https:\/\/2horizontes.com\/index.php?rest_route=\/wp\/v2\/posts\/69185\/revisions\/69187"}],"wp:featuredmedia":[{"embeddable":true,"href":"https:\/\/2horizontes.com\/index.php?rest_route=\/wp\/v2\/media\/69186"}],"wp:attachment":[{"href":"https:\/\/2horizontes.com\/index.php?rest_route=%2Fwp%2Fv2%2Fmedia&parent=69185"}],"wp:term":[{"taxonomy":"category","embeddable":true,"href":"https:\/\/2horizontes.com\/index.php?rest_route=%2Fwp%2Fv2%2Fcategories&post=69185"},{"taxonomy":"post_tag","embeddable":true,"href":"https:\/\/2horizontes.com\/index.php?rest_route=%2Fwp%2Fv2%2Ftags&post=69185"}],"curies":[{"name":"wp","href":"https:\/\/api.w.org\/{rel}","templated":true}]}}