{"id":69170,"date":"2019-06-08T14:39:33","date_gmt":"2019-06-08T13:39:33","guid":{"rendered":"http:\/\/2horizontes.com\/?p=69170"},"modified":"2019-06-08T14:39:35","modified_gmt":"2019-06-08T13:39:35","slug":"ministro-asegura-dm-no-manchara-su-nombre-modificando-la-constitucion","status":"publish","type":"post","link":"https:\/\/2horizontes.com\/?p=69170","title":{"rendered":"Ministro asegura DM \u201cno manchar\u00e1\u201d su nombre modificando la Constituci\u00f3n"},"content":{"rendered":"\n<ul class=\"wp-block-list\"><li><strong>te:<\/strong>&nbsp;&nbsp;&nbsp;&nbsp;<\/li><\/ul>\n\n\n\n<figure><iframe loading=\"lazy\" width=\"500\" height=\"375\" src=\"https:\/\/www.youtube.com\/embed\/3ac4t-Tbp8c?feature=oembed\" allowfullscreen=\"\"><\/iframe><\/figure>\n\n\n\n<p>SANTO DOMINGO.- El ministro de Econom\u00eda, Planificaci\u00f3n y Desarrollo (MEPyD), Isidoro Santana, asegur\u00f3 que el presidente Danilo Medina no se aventurar\u00e1 a modificar la Constituci\u00f3n y \u201cmanchar su nombre&nbsp;despu\u00e9s de haber hecho una de las mejores gestiones de Gobierno en el pa\u00eds\u201d.<\/p>\n\n\n\n<p>\u201cUna eventual modificaci\u00f3n a la Constituci\u00f3n de la Rep\u00fablica no es correcta, y no es el momento para ello. Entiendo que el presidente Danilo Medina despu\u00e9s de haber hecho una de las mejores gestiones de Gobierno en el pa\u00eds en la \u00e9poca moderna no va a manchar su nombre frente a la historia embarc\u00e1ndose en una cosa de esa naturaleza\u201d, destac\u00f3.<\/p>\n\n\n\n\n\n<p>Respecto al comunicado de la Embajada de Estados Unidos, en el que considera que el respeto a la Constituci\u00f3n y las elecciones libres e imparciales son indicadores s\u00f3lidos del compromiso de un pa\u00eds con la democracia, Santana manifest\u00f3 que \u201clos procesos de la sociedad dominicana son decisiones propias del pa\u00eds, y ning\u00fan otro pa\u00eds deber\u00eda opinar\u201d.<\/p>\n\n\n\n<p>Santana habl\u00f3 en la sede del MEPyD&nbsp;durante el acto de entrega de un mill\u00f3n de d\u00f3lares para contrarrestar los efectos de la sequ\u00eda en el pa\u00eds por la Rep\u00fablica Popular China.<\/p>\n","protected":false},"excerpt":{"rendered":"<p>te:&nbsp;&nbsp;&nbsp;&nbsp; SANTO DOMINGO.- El ministro de Econom\u00eda, Planificaci\u00f3n y Desarrollo (MEPyD), Isidoro Santana, asegur\u00f3 que el presidente Danilo Medina no se aventurar\u00e1 a modificar la Constituci\u00f3n y \u201cmanchar su nombre&nbsp;despu\u00e9s de haber hecho una de las mejores gestiones de Gobierno en el pa\u00eds\u201d. \u201cUna eventual modificaci\u00f3n a la Constituci\u00f3n de la Rep\u00fablica no es correcta, [&hellip;]<\/p>\n","protected":false},"author":4,"featured_media":69171,"comment_status":"open","ping_status":"open","sticky":false,"template":"","format":"standard","meta":{"footnotes":""},"categories":[43,44],"tags":[],"class_list":["post-69170","post","type-post","status-publish","format-standard","has-post-thumbnail","hentry","category-politica","category-republica-dominicana"],"_links":{"self":[{"href":"https:\/\/2horizontes.com\/index.php?rest_route=\/wp\/v2\/posts\/69170","targetHints":{"allow":["GET"]}}],"collection":[{"href":"https:\/\/2horizontes.com\/index.php?rest_route=\/wp\/v2\/posts"}],"about":[{"href":"https:\/\/2horizontes.com\/index.php?rest_route=\/wp\/v2\/types\/post"}],"author":[{"embeddable":true,"href":"https:\/\/2horizontes.com\/index.php?rest_route=\/wp\/v2\/users\/4"}],"replies":[{"embeddable":true,"href":"https:\/\/2horizontes.com\/index.php?rest_route=%2Fwp%2Fv2%2Fcomments&post=69170"}],"version-history":[{"count":1,"href":"https:\/\/2horizontes.com\/index.php?rest_route=\/wp\/v2\/posts\/69170\/revisions"}],"predecessor-version":[{"id":69172,"href":"https:\/\/2horizontes.com\/index.php?rest_route=\/wp\/v2\/posts\/69170\/revisions\/69172"}],"wp:featuredmedia":[{"embeddable":true,"href":"https:\/\/2horizontes.com\/index.php?rest_route=\/wp\/v2\/media\/69171"}],"wp:attachment":[{"href":"https:\/\/2horizontes.com\/index.php?rest_route=%2Fwp%2Fv2%2Fmedia&parent=69170"}],"wp:term":[{"taxonomy":"category","embeddable":true,"href":"https:\/\/2horizontes.com\/index.php?rest_route=%2Fwp%2Fv2%2Fcategories&post=69170"},{"taxonomy":"post_tag","embeddable":true,"href":"https:\/\/2horizontes.com\/index.php?rest_route=%2Fwp%2Fv2%2Ftags&post=69170"}],"curies":[{"name":"wp","href":"https:\/\/api.w.org\/{rel}","templated":true}]}}