{"id":69164,"date":"2019-06-08T14:11:31","date_gmt":"2019-06-08T13:11:31","guid":{"rendered":"http:\/\/2horizontes.com\/?p=69164"},"modified":"2019-06-08T14:11:33","modified_gmt":"2019-06-08T13:11:33","slug":"juan-luis-guerra-opina-la-republica-dominicana-necesita-relevo-de-lideres","status":"publish","type":"post","link":"https:\/\/2horizontes.com\/?p=69164","title":{"rendered":"Juan Luis Guerra opina la Rep\u00fablica Dominicana necesita relevo de l\u00edderes"},"content":{"rendered":"\n<ul class=\"wp-block-list\"><li><strong>r<\/strong><\/li><\/ul>\n\n\n\n<figure><iframe loading=\"lazy\" width=\"500\" height=\"281\" src=\"https:\/\/www.youtube.com\/embed\/aoyq7EjEGdw?feature=oembed\" allowfullscreen=\"\"><\/iframe><\/figure>\n\n\n\n<p>SANTO DOMINGO.- El&nbsp;cantautor dominicano Juan Luis Guerra consider\u00f3 necesario que en la Rep\u00fablica Dominicana haya un relevo en el liderazgo pol\u00edtico.<\/p>\n\n\n\n<p>\u201cTenemos que resolver muchas cosas, muchas cosas; tenemos que resolver problemas de salud y de educaci\u00f3n y sobretodo, relevo. Asimismo como hay relevo en merengue, necesitamos l\u00edderes j\u00f3venes que trabajen para el bienestar\u201d, expres\u00f3 durante una entrevista period\u00edstica.<\/p>\n\n\n\n\n\n<p>El artista, que en estos momentos promueve el \u00e1lbum &nbsp;\u201cLiteral\u201d, el n\u00famero 14 de su carrera musical, &nbsp;dijo que en el aspecto musical le preocupa la falta de formaci\u00f3n de j\u00f3venes en la composici\u00f3n y los arreglos .<\/p>\n\n\n\n<p>Entiende que &nbsp;hacen falta m\u00e1s escuelas de formaci\u00f3n, por lo que \u00e9l contempla extender una beca que lleva su nombre y que otorga la&nbsp;Fundaci\u00f3n Cultural del Latin Grammy para estudiar en &nbsp;Berklee College of Music, para futuros talentos en esas ramas del arte.<\/p>\n\n\n\n<p>Juan Luis Guerra emiti\u00f3 estos comentarios durante una entrevista que concedi\u00f3 a la revista informativa Arte &amp; Medio, que se transmite por Telesistema, canal 11, de lunes a viernes a partir de las 2:30 de la tarde, bajo la direcci\u00f3n general de Roberto Cavada, la direcci\u00f3n editorial de Wanda S\u00e1nchez y la producci\u00f3n de Jonathan Lafontaine.<\/p>\n\n\n\n<p>sp-am<\/p>\n","protected":false},"excerpt":{"rendered":"<p>r SANTO DOMINGO.- El&nbsp;cantautor dominicano Juan Luis Guerra consider\u00f3 necesario que en la Rep\u00fablica Dominicana haya un relevo en el liderazgo pol\u00edtico. \u201cTenemos que resolver muchas cosas, muchas cosas; tenemos que resolver problemas de salud y de educaci\u00f3n y sobretodo, relevo. Asimismo como hay relevo en merengue, necesitamos l\u00edderes j\u00f3venes que trabajen para el bienestar\u201d, [&hellip;]<\/p>\n","protected":false},"author":4,"featured_media":69165,"comment_status":"open","ping_status":"open","sticky":false,"template":"","format":"standard","meta":{"footnotes":""},"categories":[1,82,43,83,44],"tags":[],"class_list":["post-69164","post","type-post","status-publish","format-standard","has-post-thumbnail","hentry","category-entretenimiento","category-opinion","category-politica","category-reportajes","category-republica-dominicana"],"_links":{"self":[{"href":"https:\/\/2horizontes.com\/index.php?rest_route=\/wp\/v2\/posts\/69164","targetHints":{"allow":["GET"]}}],"collection":[{"href":"https:\/\/2horizontes.com\/index.php?rest_route=\/wp\/v2\/posts"}],"about":[{"href":"https:\/\/2horizontes.com\/index.php?rest_route=\/wp\/v2\/types\/post"}],"author":[{"embeddable":true,"href":"https:\/\/2horizontes.com\/index.php?rest_route=\/wp\/v2\/users\/4"}],"replies":[{"embeddable":true,"href":"https:\/\/2horizontes.com\/index.php?rest_route=%2Fwp%2Fv2%2Fcomments&post=69164"}],"version-history":[{"count":1,"href":"https:\/\/2horizontes.com\/index.php?rest_route=\/wp\/v2\/posts\/69164\/revisions"}],"predecessor-version":[{"id":69166,"href":"https:\/\/2horizontes.com\/index.php?rest_route=\/wp\/v2\/posts\/69164\/revisions\/69166"}],"wp:featuredmedia":[{"embeddable":true,"href":"https:\/\/2horizontes.com\/index.php?rest_route=\/wp\/v2\/media\/69165"}],"wp:attachment":[{"href":"https:\/\/2horizontes.com\/index.php?rest_route=%2Fwp%2Fv2%2Fmedia&parent=69164"}],"wp:term":[{"taxonomy":"category","embeddable":true,"href":"https:\/\/2horizontes.com\/index.php?rest_route=%2Fwp%2Fv2%2Fcategories&post=69164"},{"taxonomy":"post_tag","embeddable":true,"href":"https:\/\/2horizontes.com\/index.php?rest_route=%2Fwp%2Fv2%2Ftags&post=69164"}],"curies":[{"name":"wp","href":"https:\/\/api.w.org\/{rel}","templated":true}]}}