{"id":69161,"date":"2019-06-04T15:50:22","date_gmt":"2019-06-04T14:50:22","guid":{"rendered":"http:\/\/2horizontes.com\/?p=69161"},"modified":"2019-06-04T15:50:24","modified_gmt":"2019-06-04T14:50:24","slug":"precandidato-a-diputado-por-sde-daniel-perez-celebro-dia-de-las-madres-con-varias-actividades-durante-la-semana","status":"publish","type":"post","link":"https:\/\/2horizontes.com\/?p=69161","title":{"rendered":"Precandidato a diputado por SDE, Daniel P\u00e9rez celebr\u00f3 D\u00eda de las Madres con varias actividades durante la semana"},"content":{"rendered":"\n<p>El\nLic. Daniel P\u00e9rez, precandidato a diputado por el Partido de la Liberaci\u00f3n\nDominicana (PLD) por la Circunscripci\u00f3n No. 3 del municipio Santo Domingo Este,\nrealiz\u00f3 diferentes actividades como agasajos a las madres dominicanas en su\nd\u00eda, donde comparti\u00f3 con decenas de mujeres de diferentes sectores de la citada\nCircunscripci\u00f3n. <\/p>\n\n\n\n<p>Los\neventos fueron propicios para felicitar y enviar un gran mensaje a las madres\nque se dieron cita a las actividades. Momentos de &nbsp;canciones, risas y mensajes positivos, tambi\u00e9n\nfueron agraciadas con diferentes regalos, entregados personalmente a las madres\npresentes.<\/p>\n\n\n\n<p>En\nel marco de su mensaje central exhort\u00f3 a las madres presentes a criar sus hijos\nen valores para que se conviertan en hombres y mujeres de bien en nuestro pa\u00eds,\nhaciendo \u00e9nfasis en la importancia de que los ni\u00f1os, ni\u00f1as, y j\u00f3venes asistan a\nlas escuelas, estudien y se transformen en profesionales exitosos.<\/p>\n\n\n\n<p>\u201cEn\neste encuentro con las madres, adem\u00e1s de felicitarlas, tambi\u00e9n quiero\naprovecharlo para recordarles que ustedes tienen un compromiso con la sociedad y\nla patria, y es desarrollar en sus familias, hombres y mujeres de bien,\nhonestos, respetuosos y trabajadores; hombres y mujeres de los cuales nos\npodamos sentir orgullosos en nuestro pa\u00eds\u201d, expres\u00f3 Daniel P\u00e9rez, quien tambi\u00e9n\nes Secretario de la Juventud del Partido de la Liberaci\u00f3n Dominicana (PLD) por\nla Circunscripci\u00f3n No.3 del municipio Santo Domingo Este. <\/p>\n\n\n\n<p>Las\nactividades en las que asistieron cientos de madres se desarrollaron en los\nsectores Brisas del Este, Nuevo Amanecer, El Tamarindo, Los Frailes, entre\notros.<\/p>\n\n\n\n<p><strong>Sobre Daniel P\u00e9rez <\/strong><\/p>\n\n\n\n<p>Es\nlicenciado en Comunicaci\u00f3n Audiovisual, carrera que curs\u00f3 en la Universidad\nAut\u00f3noma de Santo Domingo (UASD) en 2014, con dos&nbsp; maestr\u00edas, una en Ciencia Pol\u00edtica Para el\nDesarrollo Democr\u00e1tico, a trav\u00e9s de&nbsp; la\nUniversidad de Salamanca, Espa\u00f1a,&nbsp; y el\nInstituto de Altos Estudios en Ciencia Sociales (IGLOBAL), en&nbsp; 2016, y en Alta Direcci\u00f3n P\u00fablica\nEstrat\u00e9gica, a trav\u00e9s de la Universidad Rey Juan Carlos, Espa\u00f1a, y el IGLOBAL,\nen curso.&nbsp; <\/p>\n\n\n\n<p>Posee\nespecialidades en Comercio Exterior por la Pontificia Universidad Cat\u00f3lica&nbsp; Madre y Maestra (PUCMM), Gerencia Pol\u00edtica y\nGesti\u00f3n de Gobierno, Universidad Cat\u00f3lica&nbsp;\nMadre y Maestra (PUCMM), Direcci\u00f3n y&nbsp;\nCreaci\u00f3n &nbsp;de Empresas, Instituto\nde Educaci\u00f3n Superior a Distancia (ISED), Comunicaci\u00f3n de Masas, Escuela\nInternacional de Cine y Televisi\u00f3n (EICT), Cuba, Buen Gobierno y Desarrollo\nSostenible, por la Universidad de Salamanca, Espa\u00f1a en 2015.<\/p>\n\n\n\n<p>Hace\n15 a\u00f1os milita en el Partido de la Liberaci\u00f3n Dominicana (PLD), donde se\ndesempe\u00f1a como dirigente medio. Es Coordinador de la Juventud del PLD, en la\ncircunscripci\u00f3n No. 3 de la provincia Santo Domingo, desde el 2017 y\nCoordinador General del movimiento L\u00edderes Aliados (LIAL), desde el a\u00f1o 2013. <\/p>\n","protected":false},"excerpt":{"rendered":"<p>El Lic. Daniel P\u00e9rez, precandidato a diputado por el Partido de la Liberaci\u00f3n Dominicana (PLD) por la Circunscripci\u00f3n No. 3 del municipio Santo Domingo Este, realiz\u00f3 diferentes actividades como agasajos a las madres dominicanas en su d\u00eda, donde comparti\u00f3 con decenas de mujeres de diferentes sectores de la citada Circunscripci\u00f3n. Los eventos fueron propicios para [&hellip;]<\/p>\n","protected":false},"author":4,"featured_media":69162,"comment_status":"open","ping_status":"open","sticky":false,"template":"","format":"standard","meta":{"footnotes":""},"categories":[43,44],"tags":[],"class_list":["post-69161","post","type-post","status-publish","format-standard","has-post-thumbnail","hentry","category-politica","category-republica-dominicana"],"_links":{"self":[{"href":"https:\/\/2horizontes.com\/index.php?rest_route=\/wp\/v2\/posts\/69161","targetHints":{"allow":["GET"]}}],"collection":[{"href":"https:\/\/2horizontes.com\/index.php?rest_route=\/wp\/v2\/posts"}],"about":[{"href":"https:\/\/2horizontes.com\/index.php?rest_route=\/wp\/v2\/types\/post"}],"author":[{"embeddable":true,"href":"https:\/\/2horizontes.com\/index.php?rest_route=\/wp\/v2\/users\/4"}],"replies":[{"embeddable":true,"href":"https:\/\/2horizontes.com\/index.php?rest_route=%2Fwp%2Fv2%2Fcomments&post=69161"}],"version-history":[{"count":1,"href":"https:\/\/2horizontes.com\/index.php?rest_route=\/wp\/v2\/posts\/69161\/revisions"}],"predecessor-version":[{"id":69163,"href":"https:\/\/2horizontes.com\/index.php?rest_route=\/wp\/v2\/posts\/69161\/revisions\/69163"}],"wp:featuredmedia":[{"embeddable":true,"href":"https:\/\/2horizontes.com\/index.php?rest_route=\/wp\/v2\/media\/69162"}],"wp:attachment":[{"href":"https:\/\/2horizontes.com\/index.php?rest_route=%2Fwp%2Fv2%2Fmedia&parent=69161"}],"wp:term":[{"taxonomy":"category","embeddable":true,"href":"https:\/\/2horizontes.com\/index.php?rest_route=%2Fwp%2Fv2%2Fcategories&post=69161"},{"taxonomy":"post_tag","embeddable":true,"href":"https:\/\/2horizontes.com\/index.php?rest_route=%2Fwp%2Fv2%2Ftags&post=69161"}],"curies":[{"name":"wp","href":"https:\/\/api.w.org\/{rel}","templated":true}]}}