{"id":69154,"date":"2019-05-29T14:38:05","date_gmt":"2019-05-29T13:38:05","guid":{"rendered":"http:\/\/2horizontes.com\/?p=69154"},"modified":"2019-05-29T14:38:05","modified_gmt":"2019-05-29T13:38:05","slug":"premios-gladiadores-en-el-extranjero-2019anuncian-v-gala","status":"publish","type":"post","link":"https:\/\/2horizontes.com\/?p=69154","title":{"rendered":"PREMIOS \u201cGLADIADORES EN EL EXTRANJERO 2019\u201dANUNCIAN V GALA"},"content":{"rendered":"\n<p>La quinta edici\u00f3n de los premios \u201cGladiadores &nbsp;en el Extranjero\u201d &nbsp;que se realizar\u00e1 el pr\u00f3ximo s\u00e1bado 1 de junio\na las 6 de la tarde en Auditorio de la\nJunta Municipal del Distrito de Moncloa , ubicado en la Plaza Moncloa,\nestar\u00e1 cargada de diversas novedades.<\/p>\n\n\n\n<p>&nbsp;As\u00ed lo\nanunciaron las coordinadoras del evento Lucy Suazo y Vanesa Moya, presidenta y\norganizadora, respectivamente,&nbsp; mediante\nuna rueda de prensa celebrada en el auditorio Casa de Valencia en Madrid.<\/p>\n\n\n\n<p>Informaron que en esta ocasi\u00f3n ser\u00e1n 13 nominaciones\nincluyendo los dos nuevos premios como son &nbsp;\u201c<strong>Gladiador\ndel P\u00fablico<\/strong>\u201d, \u201c<strong>Emprendedor\ndel A\u00f1o<\/strong>\u00bb y un himno oficial\ncon m\u00fasica y letras del artista urbano J. Rodr\u00edguez de nacionalidad dominicana.<\/p>\n\n\n\n<p>La participaci\u00f3n\nart\u00edstica estuvo amenizada por la ecuatoriana Sonia Lovato y Virgy Bonn.<\/p>\n\n\n\n<figure class=\"wp-block-image\"><img loading=\"lazy\" decoding=\"async\" width=\"510\" height=\"313\" src=\"http:\/\/2horizontes.com\/wp-content\/uploads\/2019\/05\/PHOTO-2019-05-29-11-34-38-510x313.jpg\" alt=\"\" class=\"wp-image-69156\" srcset=\"https:\/\/2horizontes.com\/wp-content\/uploads\/2019\/05\/PHOTO-2019-05-29-11-34-38-510x313.jpg 510w, https:\/\/2horizontes.com\/wp-content\/uploads\/2019\/05\/PHOTO-2019-05-29-11-34-38-300x184.jpg 300w, https:\/\/2horizontes.com\/wp-content\/uploads\/2019\/05\/PHOTO-2019-05-29-11-34-38-768x471.jpg 768w, https:\/\/2horizontes.com\/wp-content\/uploads\/2019\/05\/PHOTO-2019-05-29-11-34-38.jpg 1600w\" sizes=\"auto, (max-width: 510px) 100vw, 510px\" \/><\/figure>\n\n\n\n<p>El evento contar\u00e1 con la participaci\u00f3n art\u00edstica de\nlos cantantes Jos\u00e9 Ortega, J. Rodriguez, Tu Francis de la bachata, Danza\nBoliviana, el merenguero urbano Choguy Banda, y los salseros Criss Salsa, El\nChamaquito de los Caramelos, Ruddy Noro\u00f1a y el acordeonista Santiago Cely.<\/p>\n\n\n\n<p>En\nesta edici\u00f3n los seguidores tienen la oportunidad de votar por el ganador de la\ncategor\u00eda <strong>Gladiador del P\u00fablico<\/strong>: rengl\u00f3n\ndonde&nbsp; el p\u00fablico es el responsable de\nreconocer, votar y &nbsp;elegir su favorito entre\n&nbsp;todos los&nbsp; nominados, a trav\u00e9s de nuestra p\u00e1gina de Facebook\n<\/p>\n\n\n\n<p>Mientras\nque \u201c<strong>Emprendedor del A\u00f1o<\/strong>\u00ab,\ntiene como objetivo&nbsp; reconocer y dar\nvisibilidad a empresas y\/o profesionales emergentes e&nbsp; innovadores latinoamericanos en Europa.<\/p>\n\n\n\n<figure class=\"wp-block-embed\"><div class=\"wp-block-embed__wrapper\">\nhttps:\/\/drive.google.com\/file\/d\/1gmrQ3vPiQGHByX1uDls3S2dSixNShF6f\/view?usp=sharing\n<\/div><\/figure>\n\n\n\n<p>CATEGORIAS<\/p>\n","protected":false},"excerpt":{"rendered":"<p>La quinta edici\u00f3n de los premios \u201cGladiadores &nbsp;en el Extranjero\u201d &nbsp;que se realizar\u00e1 el pr\u00f3ximo s\u00e1bado 1 de junio a las 6 de la tarde en Auditorio de la Junta Municipal del Distrito de Moncloa , ubicado en la Plaza Moncloa, estar\u00e1 cargada de diversas novedades. &nbsp;As\u00ed lo anunciaron las coordinadoras del evento Lucy Suazo [&hellip;]<\/p>\n","protected":false},"author":4,"featured_media":69155,"comment_status":"open","ping_status":"open","sticky":false,"template":"","format":"standard","meta":{"footnotes":""},"categories":[46,1],"tags":[],"class_list":["post-69154","post","type-post","status-publish","format-standard","has-post-thumbnail","hentry","category-dominicanos-en-madrid","category-entretenimiento"],"_links":{"self":[{"href":"https:\/\/2horizontes.com\/index.php?rest_route=\/wp\/v2\/posts\/69154","targetHints":{"allow":["GET"]}}],"collection":[{"href":"https:\/\/2horizontes.com\/index.php?rest_route=\/wp\/v2\/posts"}],"about":[{"href":"https:\/\/2horizontes.com\/index.php?rest_route=\/wp\/v2\/types\/post"}],"author":[{"embeddable":true,"href":"https:\/\/2horizontes.com\/index.php?rest_route=\/wp\/v2\/users\/4"}],"replies":[{"embeddable":true,"href":"https:\/\/2horizontes.com\/index.php?rest_route=%2Fwp%2Fv2%2Fcomments&post=69154"}],"version-history":[{"count":1,"href":"https:\/\/2horizontes.com\/index.php?rest_route=\/wp\/v2\/posts\/69154\/revisions"}],"predecessor-version":[{"id":69157,"href":"https:\/\/2horizontes.com\/index.php?rest_route=\/wp\/v2\/posts\/69154\/revisions\/69157"}],"wp:featuredmedia":[{"embeddable":true,"href":"https:\/\/2horizontes.com\/index.php?rest_route=\/wp\/v2\/media\/69155"}],"wp:attachment":[{"href":"https:\/\/2horizontes.com\/index.php?rest_route=%2Fwp%2Fv2%2Fmedia&parent=69154"}],"wp:term":[{"taxonomy":"category","embeddable":true,"href":"https:\/\/2horizontes.com\/index.php?rest_route=%2Fwp%2Fv2%2Fcategories&post=69154"},{"taxonomy":"post_tag","embeddable":true,"href":"https:\/\/2horizontes.com\/index.php?rest_route=%2Fwp%2Fv2%2Ftags&post=69154"}],"curies":[{"name":"wp","href":"https:\/\/api.w.org\/{rel}","templated":true}]}}