{"id":69133,"date":"2019-05-10T17:35:56","date_gmt":"2019-05-10T16:35:56","guid":{"rendered":"http:\/\/2horizontes.com\/?p=69133"},"modified":"2019-05-10T17:35:57","modified_gmt":"2019-05-10T16:35:57","slug":"mujer-fallecida-en-clinica-estetica-fue-llevada-a-cuidados-intensivos-tres-veces","status":"publish","type":"post","link":"https:\/\/2horizontes.com\/?p=69133","title":{"rendered":"Mujer fallecida en cl\u00ednica est\u00e9tica fue llevada a cuidados intensivos tres veces"},"content":{"rendered":"\n<p>La mujer fallecida el jueves cuando dispon\u00eda realizarse una cirug\u00eda est\u00e9tica fue llevada tres veces a cuidados intensivos del Centro Internacional de Cirug\u00eda Pl\u00e1stica Avanzada (Cipla) y sufri\u00f3 un paro card\u00edaco, seg\u00fan informes preliminares de las autoridades, tras el interrogatorio del doctor&nbsp;H\u00e9ctor Cabral.&nbsp;<\/p>\n\n\n\n<p>De acuerdo a los informes, a Altagracia D\u00edaz,&nbsp;de 51 a\u00f1os, y madre de la modelo Yatnna Rivera, solo le aplicaron la anestesia y no lleg\u00f3 al quir\u00f3fano. Las autoridades esperan los resultados de Patolog\u00eda Forense para conocer las causas reales de la muerte.&nbsp;<\/p>\n\n\n\n<p>El doctor H\u00e9ctor Cabral, quien es el cirujano pl\u00e1stico del caso, est\u00e1 colaborando con la Polic\u00eda Nacional y el Ministerio P\u00fablico, segun inform\u00f3 una fuente.&nbsp;<\/p>\n\n\n\n<p>Yatnn Rivera infom\u00f3 la noticia de la muerte de su madre a trav\u00e9s de un video colgado en su cuenta de Instagram, en la que acus\u00f3 al doctor Cabral de mala pr\u00e1ctica m\u00e9dica.<\/p>\n\n\n\n<p>En medio del llanto se\u00f1alaba que los empleados del centro, cuando&nbsp; lleg\u00f3 al lugar y pregunt\u00f3 por el doctor nadie sab\u00eda cu\u00e1l era su oficina. \u201cDesapareci\u00f3 sin dar la cara\u201d, tras lo sucedido.<\/p>\n\n\n\n<p>Explic\u00f3 que en la cl\u00ednica le informaron que la muerte se produjo por una falla que ten\u00eda pero que antes de operarla sus an\u00e1lisis salieron en perfecto estado<\/p>\n","protected":false},"excerpt":{"rendered":"<p>La mujer fallecida el jueves cuando dispon\u00eda realizarse una cirug\u00eda est\u00e9tica fue llevada tres veces a cuidados intensivos del Centro Internacional de Cirug\u00eda Pl\u00e1stica Avanzada (Cipla) y sufri\u00f3 un paro card\u00edaco, seg\u00fan informes preliminares de las autoridades, tras el interrogatorio del doctor&nbsp;H\u00e9ctor Cabral.&nbsp; De acuerdo a los informes, a Altagracia D\u00edaz,&nbsp;de 51 a\u00f1os, y madre [&hellip;]<\/p>\n","protected":false},"author":4,"featured_media":69134,"comment_status":"open","ping_status":"open","sticky":false,"template":"","format":"standard","meta":{"footnotes":""},"categories":[44,45],"tags":[],"class_list":["post-69133","post","type-post","status-publish","format-standard","has-post-thumbnail","hentry","category-republica-dominicana","category-salud"],"_links":{"self":[{"href":"https:\/\/2horizontes.com\/index.php?rest_route=\/wp\/v2\/posts\/69133","targetHints":{"allow":["GET"]}}],"collection":[{"href":"https:\/\/2horizontes.com\/index.php?rest_route=\/wp\/v2\/posts"}],"about":[{"href":"https:\/\/2horizontes.com\/index.php?rest_route=\/wp\/v2\/types\/post"}],"author":[{"embeddable":true,"href":"https:\/\/2horizontes.com\/index.php?rest_route=\/wp\/v2\/users\/4"}],"replies":[{"embeddable":true,"href":"https:\/\/2horizontes.com\/index.php?rest_route=%2Fwp%2Fv2%2Fcomments&post=69133"}],"version-history":[{"count":1,"href":"https:\/\/2horizontes.com\/index.php?rest_route=\/wp\/v2\/posts\/69133\/revisions"}],"predecessor-version":[{"id":69135,"href":"https:\/\/2horizontes.com\/index.php?rest_route=\/wp\/v2\/posts\/69133\/revisions\/69135"}],"wp:featuredmedia":[{"embeddable":true,"href":"https:\/\/2horizontes.com\/index.php?rest_route=\/wp\/v2\/media\/69134"}],"wp:attachment":[{"href":"https:\/\/2horizontes.com\/index.php?rest_route=%2Fwp%2Fv2%2Fmedia&parent=69133"}],"wp:term":[{"taxonomy":"category","embeddable":true,"href":"https:\/\/2horizontes.com\/index.php?rest_route=%2Fwp%2Fv2%2Fcategories&post=69133"},{"taxonomy":"post_tag","embeddable":true,"href":"https:\/\/2horizontes.com\/index.php?rest_route=%2Fwp%2Fv2%2Ftags&post=69133"}],"curies":[{"name":"wp","href":"https:\/\/api.w.org\/{rel}","templated":true}]}}