{"id":69109,"date":"2019-05-08T15:43:24","date_gmt":"2019-05-08T14:43:24","guid":{"rendered":"http:\/\/2horizontes.com\/?p=69109"},"modified":"2019-05-08T15:43:25","modified_gmt":"2019-05-08T14:43:25","slug":"procuraduria-dominicana-pide-juicio-a-7-acusados-por-sobornos-de-odebrecht","status":"publish","type":"post","link":"https:\/\/2horizontes.com\/?p=69109","title":{"rendered":"Procuradur\u00eda dominicana pide juicio a 7 acusados por sobornos de Odebrecht"},"content":{"rendered":"\n<p>Santo Domingo, 7 may .- El Ministerio P\u00fablico dominicano pidi\u00f3 este martes abrir juicio contra los siete imputados de supuestamente aceptar sobornos de la constructora brasile\u00f1a Odebrecht, al exponer sus conclusiones en la audiencia preliminar que se ventila en la Suprema Corte de Justicia (SCJ).<\/p>\n\n\n\n<p><br>El organismo ratific\u00f3 sus acusaciones contra el grupo por presuntos actos de soborno, asociaci\u00f3n de malhechores, prevaricaci\u00f3n, desfalco, enriquecimiento il\u00edcito y lavado de activos.<\/p>\n\n\n\n<p>Los acusados son el senador del gobernante Partido de la Liberaci\u00f3n Dominicana (PLD), Tommy Gal\u00e1n Grull\u00f3n; el exministro de Obras P\u00fablicas y miembro de la organizaci\u00f3n oficialista V\u00edctor D\u00edaz R\u00faa, y los expresidentes del Senado Andr\u00e9s Bautista Garc\u00eda y Jes\u00fas V\u00e1squez Mart\u00ednez, del Partido Revolucionario Moderno (PRM, principal opositor).<\/p>\n\n\n\n\n\n<p>Adem\u00e1s, el exsenador y exdiputado miembro del PRM Roberto Rodr\u00edguez; el abogado Conrado Pittaluga, a quien el Ministerio P\u00fablico acusa de ser testaferro de D\u00edaz R\u00faa, y el empresario \u00c1ngel Rond\u00f3n Rijo, a quien las autoridades se\u00f1alan como el receptor y distribuidor de los 92 millones de d\u00f3lares que la empresa admiti\u00f3 pag\u00f3 como sobornos en el pa\u00eds entre 2001 y 2014.<\/p>\n\n\n\n<p>Tras una larga jornada, caracter\u00edstica del proceso, el juez de la Instrucci\u00f3n Especial de la SCJ Francisco Ortega Polanco, dispuso que la audiencia se reanudar\u00e1 ma\u00f1ana para dar oportunidad a la defensa de contrarrestar las acusaciones.<\/p>\n\n\n\n<p>\u201cCada defensa tendr\u00e1 un tiempo l\u00edmite de una hora\u201d para exponer sus alegatos, dijo el magistrado, quien retom\u00f3 hoy el proceso luego de que el pleno de la SCJ rechaza la recusaci\u00f3n que le hiciera el imputado Pittaluga, en uno de los tantos incidentes que se han presentado durante la audiencia preliminar.<\/p>\n\n\n\n<p>El representante del Ministerio P\u00fablico, Wilson Camacho, manifest\u00f3 \u201cque la corrupci\u00f3n es un c\u00e1ncer que se adue\u00f1a del cuerpo de este pa\u00eds y que si no se juega el rol que corresponde, podr\u00eda hacer met\u00e1stasis\u201d.<\/p>\n\n\n\n<p>Agreg\u00f3, en ese orden que \u201csi no se juega el rol que corresponde nos quitar\u00e1 las esperanzas \u00e1tomo por \u00e1tomo, c\u00e9lula por c\u00e9lula, tejido por tejido, \u00f3rganos por \u00f3rganos, quedando al final un esqueleto como recuerdo de lo que fuimos, como recuerdo de la desesperanza, una muestra de irresponsabilidad hist\u00f3rica\u201d.<\/p>\n\n\n\n<p>De su lado, Bautista Garc\u00eda aleg\u00f3 ante el juez que las acusaciones en su contra eran una \u201cbajeza\u201d dirigidas a menoscabar su integridad personal y familiar, y que el Ministerio P\u00fablico no hab\u00eda podido demostrar \u201cuna sola prueba\u201d en su contra durante todo el proceso.<\/p>\n\n\n\n<p>Mientras, V\u00e1squez Mart\u00ednez dijo sentirse alarmado por escuchar \u201ctantas mentiras\u201d por parte de la acusaci\u00f3n, y dijo que \u201csolo ped\u00eda a Dios que tenga misericordia del Ministerio P\u00fablico\u201d.<\/p>\n\n\n\n<p>Rond\u00f3n, por su parte, dijo que tampoco hay prueba alguna de que \u00e9l recibiera sobornos por parte de Odebrecht, y reiter\u00f3 que su relaci\u00f3n con la firma brasile\u00f1a fue de negocios, por trabajos realizados.<\/p>\n\n\n\n<p>Rechaz\u00f3 las declaraciones que hayan podido emitir en Brasil los delatores de Odebrecht tras el esc\u00e1ndalo del entramado de corrupci\u00f3n que la firma teji\u00f3 en varios pa\u00edses de Am\u00e9rica Latina y \u00c1frica, principalmente, con el prop\u00f3sito de asegurar la adjudicaci\u00f3n de millonarias contrataciones p\u00fablicas.<\/p>\n\n\n\n<p>En un principio, en Rep\u00fablica Dominicana fueron acusados 14 personas, entre ellas seis de los siete acusados en la actualidad. Todos ingresaron a prisi\u00f3n preventiva, aunque luego salieron apelando a recursos judiciales.<\/p>\n\n\n\n<p>Luego, la Procuradur\u00eda General de la Rep\u00fablica present\u00f3 ante la Suprema Corte un nuevo expediente acusatorio en contra solo de siete acusados.<\/p>\n\n\n\n<p>Antes de que estos procesos avanzaran, Odebrecht lleg\u00f3 a un acuerdo con las autoridades locales por el que deber\u00e1 pagar 184 millones de d\u00f3lares en varias cuotas, el doble de lo entregado en sobornos.EFEComparte:\n\n<\/p>\n","protected":false},"excerpt":{"rendered":"<p>Santo Domingo, 7 may .- El Ministerio P\u00fablico dominicano pidi\u00f3 este martes abrir juicio contra los siete imputados de supuestamente aceptar sobornos de la constructora brasile\u00f1a Odebrecht, al exponer sus conclusiones en la audiencia preliminar que se ventila en la Suprema Corte de Justicia (SCJ). El organismo ratific\u00f3 sus acusaciones contra el grupo por presuntos [&hellip;]<\/p>\n","protected":false},"author":4,"featured_media":69110,"comment_status":"open","ping_status":"open","sticky":false,"template":"","format":"standard","meta":{"footnotes":""},"categories":[63,43,44],"tags":[],"class_list":["post-69109","post","type-post","status-publish","format-standard","has-post-thumbnail","hentry","category-economia","category-politica","category-republica-dominicana"],"_links":{"self":[{"href":"https:\/\/2horizontes.com\/index.php?rest_route=\/wp\/v2\/posts\/69109","targetHints":{"allow":["GET"]}}],"collection":[{"href":"https:\/\/2horizontes.com\/index.php?rest_route=\/wp\/v2\/posts"}],"about":[{"href":"https:\/\/2horizontes.com\/index.php?rest_route=\/wp\/v2\/types\/post"}],"author":[{"embeddable":true,"href":"https:\/\/2horizontes.com\/index.php?rest_route=\/wp\/v2\/users\/4"}],"replies":[{"embeddable":true,"href":"https:\/\/2horizontes.com\/index.php?rest_route=%2Fwp%2Fv2%2Fcomments&post=69109"}],"version-history":[{"count":1,"href":"https:\/\/2horizontes.com\/index.php?rest_route=\/wp\/v2\/posts\/69109\/revisions"}],"predecessor-version":[{"id":69111,"href":"https:\/\/2horizontes.com\/index.php?rest_route=\/wp\/v2\/posts\/69109\/revisions\/69111"}],"wp:featuredmedia":[{"embeddable":true,"href":"https:\/\/2horizontes.com\/index.php?rest_route=\/wp\/v2\/media\/69110"}],"wp:attachment":[{"href":"https:\/\/2horizontes.com\/index.php?rest_route=%2Fwp%2Fv2%2Fmedia&parent=69109"}],"wp:term":[{"taxonomy":"category","embeddable":true,"href":"https:\/\/2horizontes.com\/index.php?rest_route=%2Fwp%2Fv2%2Fcategories&post=69109"},{"taxonomy":"post_tag","embeddable":true,"href":"https:\/\/2horizontes.com\/index.php?rest_route=%2Fwp%2Fv2%2Ftags&post=69109"}],"curies":[{"name":"wp","href":"https:\/\/api.w.org\/{rel}","templated":true}]}}