{"id":69081,"date":"2019-05-04T16:30:15","date_gmt":"2019-05-04T15:30:15","guid":{"rendered":"http:\/\/2horizontes.com\/?p=69081"},"modified":"2019-05-04T16:30:16","modified_gmt":"2019-05-04T15:30:16","slug":"diputado-levis-suriel-vaticina-derrota-pld-si-imponen-candidatura-de-danilo","status":"publish","type":"post","link":"https:\/\/2horizontes.com\/?p=69081","title":{"rendered":"Diputado Levis Suriel vaticina derrota PLD si imponen candidatura de Danilo"},"content":{"rendered":"\n<p>NUEVA YORK.- Si Danilo Medina y los sectores que lo aupan logran modificar la Constituci\u00f3n para buscar la reelecci\u00f3n, el&nbsp;Partido de la Liberaci\u00f3n Dominicana (PLD) saldr\u00e1 \u201cbochornosamente\u201d derrotado en los comicios del 2020, vaticin\u00f3&nbsp;el diputado y miembro del Comit\u00e9 Central de esa organizaci\u00f3n, Levis Suriel.<\/p>\n\n\n\n<p>\u201cSi Danilo Medina se lleva de los \u2018cantores\u2019 que est\u00e1n a su alrededor solicitandole que busque la reelecci\u00f3n a cualquier costo pol\u00edtico y social, es pa\u2019 fuera que va el PLD\u201d, expres\u00f3.<\/p>\n\n\n\n<p>Dijo que \u201cLeonel significa la unidad irreversible del&nbsp;Partido de la Liberaci\u00f3n Dominicana. Leonel es el pol\u00edtico m\u00e1s conciliador de la Rep\u00fablica Dominicana, el m\u00e1s diplomatico, el m\u00e1s respetuoso de sus adversarios, de las leyes y de la Constituci\u00f3n\u201d.<\/p>\n\n\n\n<p>\u201cAdem\u00e1s, Leonel Fern\u00e1ndez es el pol\u00edtico que inspira confianza en el sector empresarial y otros segmentos que influyen en el desarrollo econ\u00f3mico y social de la Rep\u00fablica Dominicana\u201d, asegur\u00f3 Suriel en el programa&nbsp;De Primer Plano, que conduce Iv\u00e1n Canals y que se difunde en Nueva York por M\u00eda Radio 105.7 F.M.<\/p>\n\n\n\n<p>Aclar\u00f3 a los reeleccionistas que \u201cla Constituci\u00f3n no est\u00e1 en juego ni esta en venta. La Constituci\u00f3n se respeta, la Constituci\u00f3n es la estabilidad, la democracia. El respeto a la Constituci\u00f3n garantiza la gobernabilidad\u201d.<\/p>\n\n\n\n<p>\u201cEsos sectores saben eso y tambi\u00e9n saben que m\u00e1s del 80% del electorado se identifica con la posici\u00f3n entireeleccionista del doctor Leonel Fern\u00e1ndez y con su proyecto presidencial\u201d, indic\u00f3 Suriel, quien representa en la C\u00e1mara de Diputado a los dominicanos que residen en Puerto Rico, Miami,&nbsp;Curazao, Panam\u00e1, San Martin y Venezuela.<\/p>\n\n\n\n<p>En ese sentido, asegur\u00f3 que \u201cLeonel Fern\u00e1ndez ser\u00e1 el candidato presidencial del PLD \u2018llueva, truene o vent\u00e9&#8217;\u201d.<\/p>\n\n\n\n<p>\u201cY eso quedar\u00e1 definido a partir del acto del domingo 5 de mayo, en el que el compa\u00f1ero Fern\u00e1ndez recibir\u00e1 m\u00e1s de dos millones de firmas de personas que respaldan su proyecto. Ese d\u00eda marcar\u00e1 un antes y un despu\u00e9s en la pol\u00edtica de la Rep\u00fablica Dominicana\u201d, manifest\u00f3.<\/p>\n","protected":false},"excerpt":{"rendered":"<p>NUEVA YORK.- Si Danilo Medina y los sectores que lo aupan logran modificar la Constituci\u00f3n para buscar la reelecci\u00f3n, el&nbsp;Partido de la Liberaci\u00f3n Dominicana (PLD) saldr\u00e1 \u201cbochornosamente\u201d derrotado en los comicios del 2020, vaticin\u00f3&nbsp;el diputado y miembro del Comit\u00e9 Central de esa organizaci\u00f3n, Levis Suriel. \u201cSi Danilo Medina se lleva de los \u2018cantores\u2019 que est\u00e1n [&hellip;]<\/p>\n","protected":false},"author":4,"featured_media":69082,"comment_status":"open","ping_status":"open","sticky":false,"template":"","format":"standard","meta":{"footnotes":""},"categories":[40,43,44],"tags":[],"class_list":["post-69081","post","type-post","status-publish","format-standard","has-post-thumbnail","hentry","category-internacionales","category-politica","category-republica-dominicana"],"_links":{"self":[{"href":"https:\/\/2horizontes.com\/index.php?rest_route=\/wp\/v2\/posts\/69081","targetHints":{"allow":["GET"]}}],"collection":[{"href":"https:\/\/2horizontes.com\/index.php?rest_route=\/wp\/v2\/posts"}],"about":[{"href":"https:\/\/2horizontes.com\/index.php?rest_route=\/wp\/v2\/types\/post"}],"author":[{"embeddable":true,"href":"https:\/\/2horizontes.com\/index.php?rest_route=\/wp\/v2\/users\/4"}],"replies":[{"embeddable":true,"href":"https:\/\/2horizontes.com\/index.php?rest_route=%2Fwp%2Fv2%2Fcomments&post=69081"}],"version-history":[{"count":1,"href":"https:\/\/2horizontes.com\/index.php?rest_route=\/wp\/v2\/posts\/69081\/revisions"}],"predecessor-version":[{"id":69083,"href":"https:\/\/2horizontes.com\/index.php?rest_route=\/wp\/v2\/posts\/69081\/revisions\/69083"}],"wp:featuredmedia":[{"embeddable":true,"href":"https:\/\/2horizontes.com\/index.php?rest_route=\/wp\/v2\/media\/69082"}],"wp:attachment":[{"href":"https:\/\/2horizontes.com\/index.php?rest_route=%2Fwp%2Fv2%2Fmedia&parent=69081"}],"wp:term":[{"taxonomy":"category","embeddable":true,"href":"https:\/\/2horizontes.com\/index.php?rest_route=%2Fwp%2Fv2%2Fcategories&post=69081"},{"taxonomy":"post_tag","embeddable":true,"href":"https:\/\/2horizontes.com\/index.php?rest_route=%2Fwp%2Fv2%2Ftags&post=69081"}],"curies":[{"name":"wp","href":"https:\/\/api.w.org\/{rel}","templated":true}]}}