{"id":69034,"date":"2019-04-24T13:55:52","date_gmt":"2019-04-24T12:55:52","guid":{"rendered":"http:\/\/2horizontes.com\/?p=69034"},"modified":"2019-04-24T13:57:55","modified_gmt":"2019-04-24T12:57:55","slug":"espana-3-dominicanos-arrestado-por-poner-musica-en-una-calle-de-barcelona","status":"publish","type":"post","link":"https:\/\/2horizontes.com\/?p=69034","title":{"rendered":"ESPA\u00d1A: 3 dominicanos arrestados por poner m\u00fasica en una  calle de  Barcelona"},"content":{"rendered":"\n<p>BARCELONA.- Tres dominicanos fueron detenidos la madrugada del pasado domingo por agredir e insultar a varios agentes de la polic\u00eda catalana en un restaurante McDonalds de Vilanova i la Geltr\u00fa.<\/p>\n\n\n\n<p>Seg\u00fan han explicado fuentes policiales, la Polic\u00eda recibi\u00f3 el aviso de que un grupo de&nbsp;unas 15 personas estaban creando una aglomeraci\u00f3n&nbsp;en el exterior del establecimiento y ten\u00edan la m\u00fasica muy alta, y molestando a los vecinos.<\/p>\n\n\n\n<p>Cuando la patrulla policial se acerc\u00f3, fueron recibidos de manera hostal, lanzando objetos y se negaron a marcharse del lugar&nbsp;o a bajar la m\u00fasica.<\/p>\n\n\n\n\n\n<p>Esto oblig\u00f3 a pedir refuerzos para intentar disolver la &nbsp;fiesta ilegal&nbsp;y fue entonces cuando los hombres respondieron con agresividad, seg\u00fan muestra un v\u00eddeo subido a las redes sociales.<\/p>\n\n\n\n<p>Seg\u00fan reporte la prensa catalana, uno de los hombres le dio un&nbsp;pu\u00f1etazo a un cabo de la polic\u00eda, que necesit\u00f3 atenci\u00f3n m\u00e9dica.<\/p>\n\n\n\n<p>Cuando los agentes pudieron controlar la situaci\u00f3n, detuvieron a los tres dominicanos con edades de entre 25 y 30 a\u00f1os.<\/p>\n\n\n\n<p>Fueron acusados de atentado contra agentes de la autoridad, desobediencia grave y resistencia.<\/p>\n\n\n\n<figure><iframe loading=\"lazy\" width=\"500\" height=\"281\" src=\"https:\/\/www.youtube.com\/embed\/GIT8avsl6BY?feature=oembed\" allowfullscreen=\"\"><\/iframe><\/figure>\n\n\n\n<p>wj\/am<\/p>\n","protected":false},"excerpt":{"rendered":"<p>BARCELONA.- Tres dominicanos fueron detenidos la madrugada del pasado domingo por agredir e insultar a varios agentes de la polic\u00eda catalana en un restaurante McDonalds de Vilanova i la Geltr\u00fa. Seg\u00fan han explicado fuentes policiales, la Polic\u00eda recibi\u00f3 el aviso de que un grupo de&nbsp;unas 15 personas estaban creando una aglomeraci\u00f3n&nbsp;en el exterior del establecimiento [&hellip;]<\/p>\n","protected":false},"author":1,"featured_media":69035,"comment_status":"open","ping_status":"open","sticky":false,"template":"","format":"standard","meta":{"footnotes":""},"categories":[46,83],"tags":[],"class_list":["post-69034","post","type-post","status-publish","format-standard","has-post-thumbnail","hentry","category-dominicanos-en-madrid","category-reportajes"],"_links":{"self":[{"href":"https:\/\/2horizontes.com\/index.php?rest_route=\/wp\/v2\/posts\/69034","targetHints":{"allow":["GET"]}}],"collection":[{"href":"https:\/\/2horizontes.com\/index.php?rest_route=\/wp\/v2\/posts"}],"about":[{"href":"https:\/\/2horizontes.com\/index.php?rest_route=\/wp\/v2\/types\/post"}],"author":[{"embeddable":true,"href":"https:\/\/2horizontes.com\/index.php?rest_route=\/wp\/v2\/users\/1"}],"replies":[{"embeddable":true,"href":"https:\/\/2horizontes.com\/index.php?rest_route=%2Fwp%2Fv2%2Fcomments&post=69034"}],"version-history":[{"count":2,"href":"https:\/\/2horizontes.com\/index.php?rest_route=\/wp\/v2\/posts\/69034\/revisions"}],"predecessor-version":[{"id":69037,"href":"https:\/\/2horizontes.com\/index.php?rest_route=\/wp\/v2\/posts\/69034\/revisions\/69037"}],"wp:featuredmedia":[{"embeddable":true,"href":"https:\/\/2horizontes.com\/index.php?rest_route=\/wp\/v2\/media\/69035"}],"wp:attachment":[{"href":"https:\/\/2horizontes.com\/index.php?rest_route=%2Fwp%2Fv2%2Fmedia&parent=69034"}],"wp:term":[{"taxonomy":"category","embeddable":true,"href":"https:\/\/2horizontes.com\/index.php?rest_route=%2Fwp%2Fv2%2Fcategories&post=69034"},{"taxonomy":"post_tag","embeddable":true,"href":"https:\/\/2horizontes.com\/index.php?rest_route=%2Fwp%2Fv2%2Ftags&post=69034"}],"curies":[{"name":"wp","href":"https:\/\/api.w.org\/{rel}","templated":true}]}}