{"id":69028,"date":"2019-04-22T21:54:00","date_gmt":"2019-04-22T20:54:00","guid":{"rendered":"http:\/\/2horizontes.com\/?p=69028"},"modified":"2019-04-22T21:54:02","modified_gmt":"2019-04-22T20:54:02","slug":"el-coe-reporta-33-personas-fallecidas-durante-el-periodo-de-semana-santa","status":"publish","type":"post","link":"https:\/\/2horizontes.com\/?p=69028","title":{"rendered":"El COE reporta 33 personas fallecidas durante el per\u00edodo de Semana Santa"},"content":{"rendered":"\n<p>SANTO DOMINGO, Rep\u00fablica Dominicana.- El Centro de Operaciones de Emergencias -COE- fij\u00f3 este lunes en 33 el n\u00famero de personas fallecidas durante el asueto de la Semana Santa en el pa\u00eds.<\/p>\n\n\n\n<p>Especific\u00f3 de esos, 18 fueron dentro del operativo.<\/p>\n\n\n\n<p>\u201cFallecidos dentro del dispositivo, 18. Fallecidos fuera del dispositivo, 15\u201d, dijo en rueda de prensa el director del COE, Juan Manuel M\u00e9ndez.<\/p>\n\n\n\n\n\n<p>Explic\u00f3 que del total de fallecidos dentro del operativo, 16 fueron en accidentes de tr\u00e1nsito y dos por asfixia por inmersi\u00f3n.<\/p>\n\n\n\n<p>Destac\u00f3 que este a\u00f1o hubo una reducci\u00f3n de un 75 por ciento en los accidentes de tr\u00e1nsito, de 741 el a\u00f1o pasado a solo 181esta vez.<\/p>\n\n\n\n<p>Dijo que de los 181 accidentes registrados, 150 involucran motocicletas, 53 veh\u00edculos livianos, seis&nbsp;veh\u00edculos pesados y cinco&nbsp;atropellamientos.<\/p>\n\n\n\n<p>Explic\u00f3 que en el operativo del a\u00f1o pasado hubo 1, 372 personas afectadas y\/ o lesionadas por accidentes de tr\u00e1nsito y que este a\u00f1o fueron 1, 900.<\/p>\n","protected":false},"excerpt":{"rendered":"<p>SANTO DOMINGO, Rep\u00fablica Dominicana.- El Centro de Operaciones de Emergencias -COE- fij\u00f3 este lunes en 33 el n\u00famero de personas fallecidas durante el asueto de la Semana Santa en el pa\u00eds. Especific\u00f3 de esos, 18 fueron dentro del operativo. \u201cFallecidos dentro del dispositivo, 18. Fallecidos fuera del dispositivo, 15\u201d, dijo en rueda de prensa el [&hellip;]<\/p>\n","protected":false},"author":1,"featured_media":69029,"comment_status":"open","ping_status":"open","sticky":false,"template":"","format":"standard","meta":{"footnotes":""},"categories":[83,44],"tags":[],"class_list":["post-69028","post","type-post","status-publish","format-standard","has-post-thumbnail","hentry","category-reportajes","category-republica-dominicana"],"_links":{"self":[{"href":"https:\/\/2horizontes.com\/index.php?rest_route=\/wp\/v2\/posts\/69028","targetHints":{"allow":["GET"]}}],"collection":[{"href":"https:\/\/2horizontes.com\/index.php?rest_route=\/wp\/v2\/posts"}],"about":[{"href":"https:\/\/2horizontes.com\/index.php?rest_route=\/wp\/v2\/types\/post"}],"author":[{"embeddable":true,"href":"https:\/\/2horizontes.com\/index.php?rest_route=\/wp\/v2\/users\/1"}],"replies":[{"embeddable":true,"href":"https:\/\/2horizontes.com\/index.php?rest_route=%2Fwp%2Fv2%2Fcomments&post=69028"}],"version-history":[{"count":1,"href":"https:\/\/2horizontes.com\/index.php?rest_route=\/wp\/v2\/posts\/69028\/revisions"}],"predecessor-version":[{"id":69030,"href":"https:\/\/2horizontes.com\/index.php?rest_route=\/wp\/v2\/posts\/69028\/revisions\/69030"}],"wp:featuredmedia":[{"embeddable":true,"href":"https:\/\/2horizontes.com\/index.php?rest_route=\/wp\/v2\/media\/69029"}],"wp:attachment":[{"href":"https:\/\/2horizontes.com\/index.php?rest_route=%2Fwp%2Fv2%2Fmedia&parent=69028"}],"wp:term":[{"taxonomy":"category","embeddable":true,"href":"https:\/\/2horizontes.com\/index.php?rest_route=%2Fwp%2Fv2%2Fcategories&post=69028"},{"taxonomy":"post_tag","embeddable":true,"href":"https:\/\/2horizontes.com\/index.php?rest_route=%2Fwp%2Fv2%2Ftags&post=69028"}],"curies":[{"name":"wp","href":"https:\/\/api.w.org\/{rel}","templated":true}]}}