{"id":69021,"date":"2019-04-22T15:45:27","date_gmt":"2019-04-22T14:45:27","guid":{"rendered":"http:\/\/2horizontes.com\/?p=69021"},"modified":"2019-04-22T21:39:18","modified_gmt":"2019-04-22T20:39:18","slug":"escritor-dominicano-da-conferencia-en-islandia","status":"publish","type":"post","link":"https:\/\/2horizontes.com\/?p=69021","title":{"rendered":"ESCRITOR DOMINICANO DA CONFERENCIA EN ISLANDIA."},"content":{"rendered":"\n<p>El escritor\ndominicano Juan Nicol\u00e1s&nbsp; Tineo,&nbsp; ofreci\u00f3 la conferencia titulada \u201c\u00c1frica en la\nliteratura dominicana de&nbsp; la di\u00e1spora en\nEstados Unidos\u201d.<\/p>\n\n\n\n<p>El poeta\nTineo habl\u00f3 sobre&nbsp; la literatura\ndominicana en Estados Unidos donde resumi\u00f3 el contexto hist\u00f3rico de la negritud\nen la Republica Dominicana.<\/p>\n\n\n\n<p>Resalt\u00f3 que\nen la isla caribe\u00f1a RD muchos no aceptan el t\u00e9rmino negro, por esta raz\u00f3n se\nusa el indio, indio claro o indio oscuro para definirse racialmente. Por lo\ncontrario, escritores dominicanos en Estados Unidos se sienten orgullosos sobre\nsus ra\u00edces africanas y color de piel, tambi\u00e9n expuso sobre la situaci\u00f3n del\nhispano en ese pa\u00eds tema en cual se basa la tesis doctoral del exponente\ncaribe\u00f1o Juan Nicol\u00e1s Tineo. <\/p>\n\n\n\n<figure class=\"wp-block-image is-resized\"><img loading=\"lazy\" decoding=\"async\" src=\"http:\/\/2horizontes.com\/wp-content\/uploads\/2019\/04\/esc-510x510.jpg\" alt=\"\" class=\"wp-image-69023\" width=\"471\" height=\"471\" srcset=\"https:\/\/2horizontes.com\/wp-content\/uploads\/2019\/04\/esc-510x510.jpg 510w, https:\/\/2horizontes.com\/wp-content\/uploads\/2019\/04\/esc-150x150.jpg 150w, https:\/\/2horizontes.com\/wp-content\/uploads\/2019\/04\/esc-300x300.jpg 300w, https:\/\/2horizontes.com\/wp-content\/uploads\/2019\/04\/esc-768x768.jpg 768w, https:\/\/2horizontes.com\/wp-content\/uploads\/2019\/04\/esc.jpg 960w\" sizes=\"auto, (max-width: 471px) 100vw, 471px\" \/><figcaption>participantes comprando la obra del poeta Juan Nicol\u00e1s&nbsp; Tieneo.     <\/figcaption><\/figure>\n\n\n\n<p>Tineo cit\u00f3 a\nvarios poetas y escritores autores de los textos estudiados durante su trabajo\nde grado. Ellos son C\u00e8sar S\u00e1nchez Beras, Sussy Santana, Dagoberto L\u00f3pez-Co\u00f1o,\nMarianela Medrano, Di\u00f3-genes Abr\u00e9u y Osiris Vallejo. Adem\u00e1s, el exponente\nresalt\u00f3 a Silvio Torres-Saillant y a Jos\u00e9 del Valle entre los cr\u00edticos que\nsirvieron de sustento a su trabajo. Tambi\u00e9n, como muestra de su planteamiento\nfue le\u00eddo el poema \u201cQuntaquint\u00e9\u201d de Dagoberto L\u00f3pez-Co\u00f1o y el poema \u00abPelo\nbueno\u201d de Sussy Santana,&nbsp; los cuales\nresultaron muy interesantes, y concluy\u00f3 con la lectura del poemario Atrapado en\nla noche y textos del libro de cuentos Temporario, ambos de autor\u00eda.<\/p>\n\n\n\n<p><strong>Biograf\u00eda del autor<\/strong><\/p>\n\n\n\n<p>Juan Nicol\u00e1s\nTineo, naci\u00f3 en&nbsp;&nbsp; Rep\u00fablica Dominicana,\n1965 emigr\u00f3 a los Estados Unidos en 1992. Actualmente es maestro de Lengua\nEspa\u00f1ola en Queens, N. Y., y Profesor Asistente Adjunto en El Departamento de\nLengua y Literatura Hisp\u00e1nicas en Queens College.<\/p>\n\n\n\n<p>El\nencuentro&nbsp; fue organizado por la\npresidente de la Asociaci\u00f3n&nbsp; de\nHispanohablantes en Islandia (HOLA) Mar\u00eda Sastre y la vicepresidente Evelin\nRodr\u00edguez. <\/p>\n","protected":false},"excerpt":{"rendered":"<p>El escritor dominicano Juan Nicol\u00e1s&nbsp; Tineo,&nbsp; ofreci\u00f3 la conferencia titulada \u201c\u00c1frica en la literatura dominicana de&nbsp; la di\u00e1spora en Estados Unidos\u201d. El poeta Tineo habl\u00f3 sobre&nbsp; la literatura dominicana en Estados Unidos donde resumi\u00f3 el contexto hist\u00f3rico de la negritud en la Republica Dominicana. Resalt\u00f3 que en la isla caribe\u00f1a RD muchos no aceptan el [&hellip;]<\/p>\n","protected":false},"author":1,"featured_media":69022,"comment_status":"open","ping_status":"open","sticky":false,"template":"","format":"standard","meta":{"footnotes":""},"categories":[62,86,40],"tags":[],"class_list":["post-69021","post","type-post","status-publish","format-standard","has-post-thumbnail","hentry","category-cultura","category-europa","category-internacionales"],"_links":{"self":[{"href":"https:\/\/2horizontes.com\/index.php?rest_route=\/wp\/v2\/posts\/69021","targetHints":{"allow":["GET"]}}],"collection":[{"href":"https:\/\/2horizontes.com\/index.php?rest_route=\/wp\/v2\/posts"}],"about":[{"href":"https:\/\/2horizontes.com\/index.php?rest_route=\/wp\/v2\/types\/post"}],"author":[{"embeddable":true,"href":"https:\/\/2horizontes.com\/index.php?rest_route=\/wp\/v2\/users\/1"}],"replies":[{"embeddable":true,"href":"https:\/\/2horizontes.com\/index.php?rest_route=%2Fwp%2Fv2%2Fcomments&post=69021"}],"version-history":[{"count":4,"href":"https:\/\/2horizontes.com\/index.php?rest_route=\/wp\/v2\/posts\/69021\/revisions"}],"predecessor-version":[{"id":69027,"href":"https:\/\/2horizontes.com\/index.php?rest_route=\/wp\/v2\/posts\/69021\/revisions\/69027"}],"wp:featuredmedia":[{"embeddable":true,"href":"https:\/\/2horizontes.com\/index.php?rest_route=\/wp\/v2\/media\/69022"}],"wp:attachment":[{"href":"https:\/\/2horizontes.com\/index.php?rest_route=%2Fwp%2Fv2%2Fmedia&parent=69021"}],"wp:term":[{"taxonomy":"category","embeddable":true,"href":"https:\/\/2horizontes.com\/index.php?rest_route=%2Fwp%2Fv2%2Fcategories&post=69021"},{"taxonomy":"post_tag","embeddable":true,"href":"https:\/\/2horizontes.com\/index.php?rest_route=%2Fwp%2Fv2%2Ftags&post=69021"}],"curies":[{"name":"wp","href":"https:\/\/api.w.org\/{rel}","templated":true}]}}