{"id":69012,"date":"2019-04-21T20:16:08","date_gmt":"2019-04-21T19:16:08","guid":{"rendered":"http:\/\/2horizontes.com\/?p=69012"},"modified":"2019-04-21T20:16:10","modified_gmt":"2019-04-21T19:16:10","slug":"al-menos-18-muertos-y-unos-15-heridos-es-balance-tragico-semana-santa-en-rd","status":"publish","type":"post","link":"https:\/\/2horizontes.com\/?p=69012","title":{"rendered":"Al menos 18 muertos y unos 15 heridos es balance tr\u00e1gico Semana Santa en RD"},"content":{"rendered":"\n<p>SANTO DOMINGO.-&nbsp;Al menos 16 personas muertas y&nbsp; m\u00e1s 15 lesionadas o heridas era hasta la noche del s\u00e1bado el balance tr\u00e1gico de esta Semana Santa en la Rep\u00fablica Dominicana.<\/p>\n\n\n\n<p>La mayor\u00eda de los afectados se vieron envueltos en accidentes de veh\u00edculos, fundamentalmente motocicletas.&nbsp;&nbsp;De ellos, el de mayor repercusi\u00f3n&nbsp; ocurri\u00f3 la madrugada de este s\u00e1bado en la&nbsp;<strong>carretera S\u00e1nchez,&nbsp;en la localidad Gali\u00f3n, de Ban\u00ed.<\/strong>&nbsp;En el mismo murieron dos personas: el pelotero&nbsp; profesional&nbsp; de los Tigres del Licey, Braulio Armando Lara Peguero,&nbsp; y otra persona.<\/p>\n\n\n\n<p>Lara Peguero, de 30 a\u00f1os y nativo del municipio de Sabana Larga, en San Jos\u00e9 de Ocoa, transitaba en un autom\u00f3vil Chevrolet Camaro, blanco&nbsp; 2015, desde esta ciudad rumbo a Santo Domingo,&nbsp; cuando se estrell\u00f3 a la parte trasera de una patana que estaba averiada en una orilla de la v\u00eda,<\/p>\n\n\n\n\n\n<p>Otro veh\u00edculo,&nbsp; Ford Mustang 2016, que ven\u00eda detr\u00e1s,&nbsp; se estrell\u00f3&nbsp; contra el del pelotero&nbsp; y muri\u00f3 uno de sus ocupantes identificado como Brayan Alberto de Le\u00f3n Mer\u00e1n, de 22 a\u00f1os de edad.&nbsp;&nbsp;En el triple accidente resultaron heridos&nbsp; Luis Xavier Lara Lluberes, de 23 a\u00f1os; Robin Lara, de 24;&nbsp; Fabricio Sanz,&nbsp; de 32 y la joven Karoimis Reyes Tineo,&nbsp; de 19,&nbsp; quienes residen en San Jos\u00e9 de Ocoa.<\/p>\n\n\n\n<p>Tambi\u00e9n, seg\u00fan un conteo&nbsp; de v\u00edctimas,&nbsp; en la&nbsp;<strong>carretera Ban\u00ed-Azua<\/strong>&nbsp;murieron Alismal Esmelin P\u00e9rez y&nbsp; su hija Yeraldina Mercedes Rojo, en un accidente de tr\u00e1nsito en el&nbsp; que resultaron con fracturas leves la madre y una t\u00eda del periodista Carlos Julio Feliz.&nbsp; Las v\u00edctimas eran nativas de Hig\u00fcey y se dirig\u00edan a Santo Domingo desde Pedernales.<\/p>\n\n\n\n<p>En otro accidente,&nbsp;<strong>en la carretera Ban\u00ed- San Crist\u00f3bal,<\/strong>&nbsp;muri\u00f3 Jos\u00e9 Alberto Cordero, quien conduc\u00eda una motocicleta que se accident\u00f3.<\/p>\n\n\n\n<p>En<strong>&nbsp;Sabana de la Mar,&nbsp;<\/strong>fallecieron los j\u00f3venes Delvi De Le\u00f3n, de 22 a\u00f1os, y Benedy Alejo Montero, de 18, luego de que una motocicleta&nbsp; en que viajaban choc\u00f3 contra un poste&nbsp; del tendido electrico.&nbsp; El deceso del primero se produjo en el hospital p\u00fablico de Hato Mayor y el segundo en el de San Pedro de Macor\u00ecs.<\/p>\n\n\n\n<p>Tambi\u00e9n,&nbsp; una ni\u00f1a de cinco a\u00f1os muri\u00f3 y tres personas adultas resultaron lesionadas en un choque en la&nbsp;<strong>localidad de El Maizal, en la provincia Valverde.<\/strong>&nbsp; Fue identificada como Taribia Jim\u00e9nez&nbsp; en tanto que los lesionados son&nbsp; Ram\u00f3n Mercado, Loyda Mercado y \u00c1ngel Jos\u00e9 Jim\u00e9nez.<\/p>\n\n\n\n<p>En la madrugada del Viernes Santo muri\u00f3 Gabriel Marcelo Mej\u00eda, de 25 a\u00f1os, tras ser embestido por&nbsp; una yipeta mientras se trasladaba en una motocicleta junto a su novia, Dayana Patrocino, de 22, en el<strong>&nbsp;distrito municipal Nizao-las Auyamas, en San Jos\u00e9 de Ocoa.<\/strong>&nbsp;Esta \u00faltima fue hospitalizada y se dijo que su estado de salud es estable.<\/p>\n\n\n\n<p>En&nbsp;<strong>Santiago de los Caballeros<\/strong>, dos rasos de la Polic\u00eda murieron cuando una motocicleta en la que se desplazaban&nbsp; choc\u00f3 con otro veh\u00edculo.&nbsp; Fueron identificados como \u00c1lvaro Pozo Mesa y Luis And\u00fajar.<\/p>\n\n\n\n<p>En en el kil\u00f3metro 59 de la autopista Duarte muri\u00f3 la pareja de esposos, Santos Olivo Hidalgo y Josefina Cristina Dur\u00e1n Queliz.<\/p>\n\n\n\n<p><strong>En Jarabacoa, provincia de La Vega<\/strong>, muri\u00f3 ahogado en las aguas del r\u00edo Yaque del Norte, Reimond Jos\u00e9 Concepci\u00f3n Victoriano, de 20 a\u00f1os, el Viernes Santo.<\/p>\n\n\n\n<p>Asimismo, en un balneario del&nbsp;<strong>municipio de Maim\u00f3n, provincia Monse\u00f1or Nouel<\/strong>, tambi\u00e9n falleci\u00f3 a causa de asfixia por inmersi\u00f3n Eduard Mart\u00ednez, de cuatro a\u00f1os.<\/p>\n\n\n\n<p><strong>Tres muertos mas de 7 heridos en Puerto Plata<\/strong><\/p>\n\n\n\n<p><strong>PUERTO PLATA<\/strong>&nbsp;(Por Antonio Heredia).- Tres personas hab\u00edan perdido la vida hasta este s\u00e1bado y m\u00e1s de siete resultado heridas de gravedad en accidentes de tr\u00e1nsito.<\/p>\n\n\n\n<p>La primera de las v\u00edctimas fue Juan Carlos Bonilla, de 16 a\u00f1os , a causa de golpes&nbsp; en la cabeza que recibi\u00f3 cuando una motocicleta que conduc\u00eda choc\u00f3 de frente con otra en la carretera San Marcos Arriba-El Cupey.<\/p>\n\n\n\n<p>En esta colisi\u00f3n resultaron heridos Nelson Silverio D\u00edaz, Carlos Bravo y Ana Cecilia Francisco Disla.<\/p>\n\n\n\n<p>Mientras que en la volcadura de un cami\u00f3n en el municipio Los Hidalgos (El Mamey), pereci\u00f3 Gabriel S\u00e1nchez a consecuencia de traumas m\u00faltiples y aplastamiento craneal. En la misma resultaron&nbsp; heridos Rafael Guzm\u00e1n, Darvin Jos\u00e9 S\u00e1nchez, Fray Luis Guzm\u00e1n y el haitiano Mimius Teodhore.<\/p>\n\n\n\n<p>Finalmente, el joven Jhoel Castillo, quien resid\u00eda en&nbsp; Los Charamicos,&nbsp; de Sos\u00faa, expir\u00f3 en el Hospital Ricardo Limardo, luego de chocar una moto que conduc\u00eda con un veh\u00edculo en la carretera Puerto Plata-Montellano.<\/p>\n","protected":false},"excerpt":{"rendered":"<p>SANTO DOMINGO.-&nbsp;Al menos 16 personas muertas y&nbsp; m\u00e1s 15 lesionadas o heridas era hasta la noche del s\u00e1bado el balance tr\u00e1gico de esta Semana Santa en la Rep\u00fablica Dominicana. La mayor\u00eda de los afectados se vieron envueltos en accidentes de veh\u00edculos, fundamentalmente motocicletas.&nbsp;&nbsp;De ellos, el de mayor repercusi\u00f3n&nbsp; ocurri\u00f3 la madrugada de este s\u00e1bado en [&hellip;]<\/p>\n","protected":false},"author":1,"featured_media":69013,"comment_status":"open","ping_status":"open","sticky":false,"template":"","format":"standard","meta":{"footnotes":""},"categories":[44],"tags":[],"class_list":["post-69012","post","type-post","status-publish","format-standard","has-post-thumbnail","hentry","category-republica-dominicana"],"_links":{"self":[{"href":"https:\/\/2horizontes.com\/index.php?rest_route=\/wp\/v2\/posts\/69012","targetHints":{"allow":["GET"]}}],"collection":[{"href":"https:\/\/2horizontes.com\/index.php?rest_route=\/wp\/v2\/posts"}],"about":[{"href":"https:\/\/2horizontes.com\/index.php?rest_route=\/wp\/v2\/types\/post"}],"author":[{"embeddable":true,"href":"https:\/\/2horizontes.com\/index.php?rest_route=\/wp\/v2\/users\/1"}],"replies":[{"embeddable":true,"href":"https:\/\/2horizontes.com\/index.php?rest_route=%2Fwp%2Fv2%2Fcomments&post=69012"}],"version-history":[{"count":1,"href":"https:\/\/2horizontes.com\/index.php?rest_route=\/wp\/v2\/posts\/69012\/revisions"}],"predecessor-version":[{"id":69014,"href":"https:\/\/2horizontes.com\/index.php?rest_route=\/wp\/v2\/posts\/69012\/revisions\/69014"}],"wp:featuredmedia":[{"embeddable":true,"href":"https:\/\/2horizontes.com\/index.php?rest_route=\/wp\/v2\/media\/69013"}],"wp:attachment":[{"href":"https:\/\/2horizontes.com\/index.php?rest_route=%2Fwp%2Fv2%2Fmedia&parent=69012"}],"wp:term":[{"taxonomy":"category","embeddable":true,"href":"https:\/\/2horizontes.com\/index.php?rest_route=%2Fwp%2Fv2%2Fcategories&post=69012"},{"taxonomy":"post_tag","embeddable":true,"href":"https:\/\/2horizontes.com\/index.php?rest_route=%2Fwp%2Fv2%2Ftags&post=69012"}],"curies":[{"name":"wp","href":"https:\/\/api.w.org\/{rel}","templated":true}]}}