{"id":68995,"date":"2019-04-17T22:21:07","date_gmt":"2019-04-17T21:21:07","guid":{"rendered":"http:\/\/2horizontes.com\/?p=68995"},"modified":"2019-04-17T22:21:52","modified_gmt":"2019-04-17T21:21:52","slug":"espana-demandan-destitucion-encargada-de-la-jce-en-europa","status":"publish","type":"post","link":"https:\/\/2horizontes.com\/?p=68995","title":{"rendered":"ESPA\u00d1A: Demandan destituci\u00f3n encargada de la JCE en Europa"},"content":{"rendered":"\n<p>MADRID, Espa\u00f1a.- Dirigentes, miembros y delegados de partidos pol\u00edticos dominicanos con filiales en la Circunscripci\u00f3n No. 3 de Europa, demandaron de la Junta Central Electoral (JCE) la destituci\u00f3n de Luciana D\u00edaz Warden y Vanessa Graciano de las oficinas para el Registro de Electores en el Exterior (OPREE) y de Coordinaci\u00f3n Log\u00edstica de Electores en el Exterior (OCLEE), respectivamente.<\/p>\n\n\n\n<p>Alegan que est\u00e1 parcializada y confabulada con el Gobierno del Partido de la Liberaci\u00f3n Dominicana (PLD), incumpliendo sus funciones en franca violaci\u00f3n a la Ley Electoral 275-97 y las reci\u00e9n creadas leyes 33-18 de Partidos, Agrupaciones y Movimientos Pol\u00edticos, y 15-19 de R\u00e9gimen Electoral.<\/p>\n\n\n\n<p>Destacan que en los procesos electorales &nbsp;del 2008, 2012 y 2016 la funcionaria favoreci\u00f3 al PLD al facilitarle el padr\u00f3n actualizado en perjuicio de los dem\u00e1s partidos, as\u00ed como la integraci\u00f3n de los Colegios Electorales con la mayor\u00eda de los miembros de esa organizaci\u00f3n.<\/p>\n\n\n\n<p>Tambi\u00e9n habr\u00eda filtrado datos, informaciones y comunicaciones privilegiadas suministradas al partido morado.<\/p>\n\n\n\n<p>Puntualizan que en 2012, D\u00edaz Warden actu\u00f3 en contubernio con el diputado de Ultramar del PLD, Marcos Cross, y otros miembros de ese partido para contribuir, presuntamente, al desorden electoral y manipulaci\u00f3n de resultados.<\/p>\n\n\n\n<p>Aducen que \u00e9sta negaba informaci\u00f3n relativa al proceso electoral a delegados, dirigentes y representantes de los partidos de oposici\u00f3n y realizaba reuniones sin la debida convocatoria.<\/p>\n\n\n\n<p>En el caso de Graciano, afirman que result\u00f3 extra\u00f1o que la joven pariente de la actual jueza del Pleno de la JCE, Rosario Graciano de los Santos, se negara presuntamente a entregar un acta de votaci\u00f3n al delegado del PRM en Milano, Italia.<\/p>\n\n\n\n<p>Mientras que en los comicios del 2016, el proceso se vio entorpecido y empa\u00f1ado con el dislocamiento de electores, resultados de votaci\u00f3n incompletos, conteo de votos dudosos, centros de votaci\u00f3n pocos vigilados y desatendidos, entre otras irregularidades.<\/p>\n\n\n\n<p>Los representantes del PRM, PRSC, Alianza Pa\u00eds, Frente Amplio, PDI, Proyecto Ramfis- 2020 en Europa, Alianza Nueva Rep\u00fablica dijeron que pondr\u00e1n sus cargos a disposici\u00f3n de las autoridades de sus respectivas organizaciones si la representante de la citada dependencia contin\u00faa en funciones.<\/p>\n\n\n\n<figure class=\"wp-block-image\"><img decoding=\"async\" src=\"https:\/\/almomento.net\/wp-content\/uploads\/2019\/04\/junta10.jpg\" alt=\"\" class=\"wp-image-503372\"\/><\/figure>\n\n\n\n<p>Representantes de partidos pol\u00edticos en Europa.<\/p>\n","protected":false},"excerpt":{"rendered":"<p>MADRID, Espa\u00f1a.- Dirigentes, miembros y delegados de partidos pol\u00edticos dominicanos con filiales en la Circunscripci\u00f3n No. 3 de Europa, demandaron de la Junta Central Electoral (JCE) la destituci\u00f3n de Luciana D\u00edaz Warden y Vanessa Graciano de las oficinas para el Registro de Electores en el Exterior (OPREE) y de Coordinaci\u00f3n Log\u00edstica de Electores en el [&hellip;]<\/p>\n","protected":false},"author":1,"featured_media":68997,"comment_status":"open","ping_status":"open","sticky":false,"template":"","format":"standard","meta":{"footnotes":""},"categories":[46,85,43,83,44],"tags":[],"class_list":["post-68995","post","type-post","status-publish","format-standard","has-post-thumbnail","hentry","category-dominicanos-en-madrid","category-espana","category-politica","category-reportajes","category-republica-dominicana"],"_links":{"self":[{"href":"https:\/\/2horizontes.com\/index.php?rest_route=\/wp\/v2\/posts\/68995","targetHints":{"allow":["GET"]}}],"collection":[{"href":"https:\/\/2horizontes.com\/index.php?rest_route=\/wp\/v2\/posts"}],"about":[{"href":"https:\/\/2horizontes.com\/index.php?rest_route=\/wp\/v2\/types\/post"}],"author":[{"embeddable":true,"href":"https:\/\/2horizontes.com\/index.php?rest_route=\/wp\/v2\/users\/1"}],"replies":[{"embeddable":true,"href":"https:\/\/2horizontes.com\/index.php?rest_route=%2Fwp%2Fv2%2Fcomments&post=68995"}],"version-history":[{"count":1,"href":"https:\/\/2horizontes.com\/index.php?rest_route=\/wp\/v2\/posts\/68995\/revisions"}],"predecessor-version":[{"id":68996,"href":"https:\/\/2horizontes.com\/index.php?rest_route=\/wp\/v2\/posts\/68995\/revisions\/68996"}],"wp:featuredmedia":[{"embeddable":true,"href":"https:\/\/2horizontes.com\/index.php?rest_route=\/wp\/v2\/media\/68997"}],"wp:attachment":[{"href":"https:\/\/2horizontes.com\/index.php?rest_route=%2Fwp%2Fv2%2Fmedia&parent=68995"}],"wp:term":[{"taxonomy":"category","embeddable":true,"href":"https:\/\/2horizontes.com\/index.php?rest_route=%2Fwp%2Fv2%2Fcategories&post=68995"},{"taxonomy":"post_tag","embeddable":true,"href":"https:\/\/2horizontes.com\/index.php?rest_route=%2Fwp%2Fv2%2Ftags&post=68995"}],"curies":[{"name":"wp","href":"https:\/\/api.w.org\/{rel}","templated":true}]}}