{"id":68979,"date":"2019-04-17T20:08:08","date_gmt":"2019-04-17T19:08:08","guid":{"rendered":"http:\/\/2horizontes.com\/?p=68979"},"modified":"2019-04-17T20:08:11","modified_gmt":"2019-04-17T19:08:11","slug":"bombas-tiros-y-piedras-en-planta-punta-catalina-obreros-causaron-destrozos","status":"publish","type":"post","link":"https:\/\/2horizontes.com\/?p=68979","title":{"rendered":"Bombas, tiros y piedras en planta Punta Catalina; obreros causaron destrozos"},"content":{"rendered":"\n<ul class=\"wp-block-list\"><li><strong>C<\/strong><\/li><\/ul>\n\n\n\n<figure><iframe loading=\"lazy\" width=\"500\" height=\"375\" src=\"https:\/\/www.youtube.com\/embed\/9GpFtrnHicQ?feature=oembed\" allowfullscreen=\"\"><\/iframe><\/figure>\n\n\n\n<p>BANI, Rep\u00fablica Dominicana.- Trabajadores de Punta Catalina se apoderaron este mi\u00e9rcoles de la sala de control de la unidad n\u00famero uno de esta termoelectrica y la sacaron por la fuerza del sistema nacional de electricidad, en demanda del pago de bonificaciones del 2018.<\/p>\n\n\n\n<p>La acci\u00f3n fue&nbsp; en respuesta a&nbsp; una comunicaci\u00f3n del Consorcio Odebrecht-Tecnimont-Estrella, en la que se les informa que no habr\u00e1 pago de bonos por participaci\u00f3n de utilidades.<\/p>\n\n\n\n\n\n<p>A primeras obras obreros se movilizaron, apagaron dicha unidad y causaron algunos destroxos en el interior de la sala de control de la misma, lo que provoc\u00f3 la intervenci\u00f3n de un contingente policial y militar.&nbsp; De inmediato hubo un enfrentamiento con bombas lacrim\u00f3genas, disparos y pedradas entre las partes.<\/p>\n\n\n\n<p>Una versi\u00f3n extraoficial se\u00f1ala que cientos de empleados fueron evacuados del \u00e1rea y que hay algunos heridos.<\/p>\n\n\n\n<p>Un portavoz de los obreros que no se identific\u00f3 calific\u00f3 de \u201cprovocaci\u00f3n\u201d la negativa del consorcio que encabeza de Odebrecht de negarse a pagar los bonos por utilidades, el cual est\u00e1 amparado en el art\u00edculo 223 del C\u00f3digo de Trabajo, y comunicar esta decisi\u00f3n sin una discusi\u00f3n previa con los trabajadores y su sindicato.<\/p>\n\n\n\n<p>\u201cNo nos vamos hasta que nos den respuesta del bono\u201d, expres\u00f3..<\/p>\n\n\n\n<p><strong>Alegan un a\u00f1o productivo<\/strong><\/p>\n\n\n\n<p>Empleados evacuados alegan que el 2018 fue el a\u00f1o m\u00e1s productivo y cuando se lograron m\u00e1s de las metas trazadas en el consorcio.<\/p>\n\n\n\n<p>Dijeron que la bonificaci\u00f3n debe pagarse en el per\u00edodo del primero de marzo al 30 de abril.<\/p>\n\n\n\n<p>Algunos obreros, que prefirieron no identificarse, dijeron que no entienden por qu\u00e9 a los trabajadores brasile\u00f1os ya les pagaron \u201cy les dieron el 30% de los beneficios que gener\u00f3 la empresa\u201d, mientras a ellos no.<\/p>\n\n\n\n<p><strong>C DEEE confirma incidentes<\/strong><\/p>\n\n\n\n<p>El director de comunicaciones de la&nbsp;Corporaci\u00f3n Dominicana de Empresas El\u00e9ctricas Estatales (CDEEE),&nbsp;Esteban Delgado,&nbsp;confirm\u00f3 a Noticias SIN que por razones de seguridad, la planta de Punta Catalina fue apagada este mi\u00e9rcoles y sacada del sistema durante la protesta de trabajadores y ex empleados del consorcio Odebrecht-Tecnimont-Estrella.<\/p>\n\n\n\n<p>Indic\u00f3 que un personal de la planta realiza los procedimientos para volver a poner en marcha la planta, luego de que la protesta fue controlada.<\/p>\n\n\n\n<p>Advirti\u00f3 que en caso de que los manifestantes hayan provocado da\u00f1os a las instalaciones, el Estado a trav\u00e9s de la CDEEE,&nbsp; proceder\u00e1 judicialmente contra los responsables.<\/p>\n\n\n\n<p><strong>Situaci\u00f3n \u201cbajo control\u201d<\/strong><\/p>\n\n\n\n<p>El director de comunicaciones de Punta Catdalina,&nbsp; Wilfredo Alemany, afirm\u00f3 a trav\u00e9s de Twitter que la situaci\u00f3n en la planta \u201ces normal y est\u00e1 bajo control\u201d y que \u201cen cualquier momento entrar\u00eda en operaci\u00f3n la unidad 1 como lo ha estado haciendo regularmente\u201d.<\/p>\n\n\n\n<p>Asimismo, agreg\u00f3 que \u201cel origen del conflicto es laboral entre los contratistas y los obreros\u201d.<\/p>\n\n\n\n<p>La Corporaci\u00f3n Dominicana de Empresas El\u00e9ctricas Estatales (Cdeee) tambi\u00e9n afirm\u00f3 que todo est\u00e1 controlado en la termoel\u00e9ctrica y se garantiza la operaci\u00f3n efectiva de la central.<\/p>\n\n\n\n<p>La Unidad I de la Central Termoel\u00e9ctrica Punta Catalina, con la que se pretende resolver el d\u00e9ficit energ\u00e9tico de Rep\u00fablica Dominicana, se puso en marcha el pasado 27 de febrero, y se espera que la Unidad II comience a aportar energ\u00eda al sistema a finales de mayo, hasta alcanzar su capacidad m\u00e1xima de 337 megavatios netos.E<\/p>\n\n\n\n<p>La termoel\u00e9ctrica de Punta Catalina ha trabajado en fase de prueba desde el mes pasado, con la generaci\u00f3n de hasta 200 megavatios.<\/p>\n\n\n\n<p>sp-am<\/p>\n","protected":false},"excerpt":{"rendered":"<p>C BANI, Rep\u00fablica Dominicana.- Trabajadores de Punta Catalina se apoderaron este mi\u00e9rcoles de la sala de control de la unidad n\u00famero uno de esta termoelectrica y la sacaron por la fuerza del sistema nacional de electricidad, en demanda del pago de bonificaciones del 2018. La acci\u00f3n fue&nbsp; en respuesta a&nbsp; una comunicaci\u00f3n del Consorcio Odebrecht-Tecnimont-Estrella, [&hellip;]<\/p>\n","protected":false},"author":1,"featured_media":68980,"comment_status":"open","ping_status":"open","sticky":false,"template":"","format":"standard","meta":{"footnotes":""},"categories":[53,44],"tags":[],"class_list":["post-68979","post","type-post","status-publish","format-standard","has-post-thumbnail","hentry","category-provincias","category-republica-dominicana"],"_links":{"self":[{"href":"https:\/\/2horizontes.com\/index.php?rest_route=\/wp\/v2\/posts\/68979","targetHints":{"allow":["GET"]}}],"collection":[{"href":"https:\/\/2horizontes.com\/index.php?rest_route=\/wp\/v2\/posts"}],"about":[{"href":"https:\/\/2horizontes.com\/index.php?rest_route=\/wp\/v2\/types\/post"}],"author":[{"embeddable":true,"href":"https:\/\/2horizontes.com\/index.php?rest_route=\/wp\/v2\/users\/1"}],"replies":[{"embeddable":true,"href":"https:\/\/2horizontes.com\/index.php?rest_route=%2Fwp%2Fv2%2Fcomments&post=68979"}],"version-history":[{"count":1,"href":"https:\/\/2horizontes.com\/index.php?rest_route=\/wp\/v2\/posts\/68979\/revisions"}],"predecessor-version":[{"id":68981,"href":"https:\/\/2horizontes.com\/index.php?rest_route=\/wp\/v2\/posts\/68979\/revisions\/68981"}],"wp:featuredmedia":[{"embeddable":true,"href":"https:\/\/2horizontes.com\/index.php?rest_route=\/wp\/v2\/media\/68980"}],"wp:attachment":[{"href":"https:\/\/2horizontes.com\/index.php?rest_route=%2Fwp%2Fv2%2Fmedia&parent=68979"}],"wp:term":[{"taxonomy":"category","embeddable":true,"href":"https:\/\/2horizontes.com\/index.php?rest_route=%2Fwp%2Fv2%2Fcategories&post=68979"},{"taxonomy":"post_tag","embeddable":true,"href":"https:\/\/2horizontes.com\/index.php?rest_route=%2Fwp%2Fv2%2Ftags&post=68979"}],"curies":[{"name":"wp","href":"https:\/\/api.w.org\/{rel}","templated":true}]}}