{"id":68970,"date":"2019-04-15T13:20:30","date_gmt":"2019-04-15T12:20:30","guid":{"rendered":"http:\/\/2horizontes.com\/?p=68970"},"modified":"2019-04-15T13:20:32","modified_gmt":"2019-04-15T12:20:32","slug":"equipo-de-leonel-fernandez-desarrolla-asambleas-de-motivacion","status":"publish","type":"post","link":"https:\/\/2horizontes.com\/?p=68970","title":{"rendered":"Equipo de Leonel Fern\u00e1ndez desarrolla asambleas de motivaci\u00f3n"},"content":{"rendered":"\n<p>SANTO DOMINGO.- El coordinador del Equipo Pol\u00edtico de Leonel Fern\u00e1ndez, Radhames Jim\u00e9nez Pe\u00f1a, desarrolla 158 visitas de motivaci\u00f3n en todo el pa\u00eds.<\/p>\n\n\n\n<p>Jim\u00e9nez, inici\u00f3 esta semana las visitas por la provincia de Dajab\u00f3n, donde se reuni\u00f3 con los dirigentes &nbsp;a cargo de la campa\u00f1a de Fern\u00e1ndez, quienes tienen a sus hombros la promoci\u00f3n y ampliaci\u00f3n de sus aspiraciones presidenciales.<\/p>\n\n\n\n<p>Continu\u00f3 hacia la provincia de Monte Cristi, centr\u00e1ndose con los dirigentes en la motivaci\u00f3n para el gran acto el d\u00eda 5 de mayo y afianzandose en apoyar &nbsp;con toda la participaci\u00f3n de los compa\u00f1eros y simpatizantes &nbsp;que apoyan las aspiraciones del exmandatario Leonel Fern\u00e1ndez.<\/p>\n\n\n\n\n\n<p>Dijo que &nbsp;el Partido de la Liberaci\u00f3n Dominicana (PLD) se mantiene la unidad dentro de la diversidad de criterios a lo interno del partido oficial.<\/p>\n\n\n\n<p>Indic\u00f3 que en la organizaci\u00f3n concebida por Juan Bosch, &nbsp;se caracteriza por el compromiso de la unidad y colaboraci\u00f3n, contrario los malos vaticinios de sectores contrarios.<\/p>\n\n\n\n<p>of-am<\/p>\n","protected":false},"excerpt":{"rendered":"<p>SANTO DOMINGO.- El coordinador del Equipo Pol\u00edtico de Leonel Fern\u00e1ndez, Radhames Jim\u00e9nez Pe\u00f1a, desarrolla 158 visitas de motivaci\u00f3n en todo el pa\u00eds. Jim\u00e9nez, inici\u00f3 esta semana las visitas por la provincia de Dajab\u00f3n, donde se reuni\u00f3 con los dirigentes &nbsp;a cargo de la campa\u00f1a de Fern\u00e1ndez, quienes tienen a sus hombros la promoci\u00f3n y ampliaci\u00f3n [&hellip;]<\/p>\n","protected":false},"author":1,"featured_media":68971,"comment_status":"open","ping_status":"open","sticky":false,"template":"","format":"standard","meta":{"footnotes":""},"categories":[43,53,44],"tags":[],"class_list":["post-68970","post","type-post","status-publish","format-standard","has-post-thumbnail","hentry","category-politica","category-provincias","category-republica-dominicana"],"_links":{"self":[{"href":"https:\/\/2horizontes.com\/index.php?rest_route=\/wp\/v2\/posts\/68970","targetHints":{"allow":["GET"]}}],"collection":[{"href":"https:\/\/2horizontes.com\/index.php?rest_route=\/wp\/v2\/posts"}],"about":[{"href":"https:\/\/2horizontes.com\/index.php?rest_route=\/wp\/v2\/types\/post"}],"author":[{"embeddable":true,"href":"https:\/\/2horizontes.com\/index.php?rest_route=\/wp\/v2\/users\/1"}],"replies":[{"embeddable":true,"href":"https:\/\/2horizontes.com\/index.php?rest_route=%2Fwp%2Fv2%2Fcomments&post=68970"}],"version-history":[{"count":1,"href":"https:\/\/2horizontes.com\/index.php?rest_route=\/wp\/v2\/posts\/68970\/revisions"}],"predecessor-version":[{"id":68972,"href":"https:\/\/2horizontes.com\/index.php?rest_route=\/wp\/v2\/posts\/68970\/revisions\/68972"}],"wp:featuredmedia":[{"embeddable":true,"href":"https:\/\/2horizontes.com\/index.php?rest_route=\/wp\/v2\/media\/68971"}],"wp:attachment":[{"href":"https:\/\/2horizontes.com\/index.php?rest_route=%2Fwp%2Fv2%2Fmedia&parent=68970"}],"wp:term":[{"taxonomy":"category","embeddable":true,"href":"https:\/\/2horizontes.com\/index.php?rest_route=%2Fwp%2Fv2%2Fcategories&post=68970"},{"taxonomy":"post_tag","embeddable":true,"href":"https:\/\/2horizontes.com\/index.php?rest_route=%2Fwp%2Fv2%2Ftags&post=68970"}],"curies":[{"name":"wp","href":"https:\/\/api.w.org\/{rel}","templated":true}]}}