{"id":68904,"date":"2019-03-19T23:06:39","date_gmt":"2019-03-19T22:06:39","guid":{"rendered":"http:\/\/2horizontes.com\/?p=68904"},"modified":"2019-03-19T23:06:42","modified_gmt":"2019-03-19T22:06:42","slug":"adiddas-y-puma-fundados-por-la-pelea-de-dos-hermanos","status":"publish","type":"post","link":"https:\/\/2horizontes.com\/?p=68904","title":{"rendered":"Adiddas y Puma fundados por la pelea de dos hermanos"},"content":{"rendered":"\n<h4 class=\"wp-block-heading\">Eran muy unidos, pero despu\u00e9s se disgustaron uno a otro y cada cual cogi\u00f3 su rumbo fundando sus respectivas compa\u00f1\u00edas de calzado.<\/h4>\n\n\n\n<p>\u00bfQu\u00e9 hay detr\u00e1s del nacimiento de dos de las&nbsp;<strong>firmas deportivas<\/strong>&nbsp;m\u00e1s grandes del mundo? Es probable que pocos lo sepan, pero Adidas&nbsp;<strong>y Puma<\/strong>&nbsp;se fundaron tras una rencilla entre los hermanos&nbsp;<strong>Adolf y Rudolf Dassler<\/strong>.<\/p>\n\n\n\n<p>En el libro \u201c<strong>Sneaker Wars<\/strong>\u201d, la periodista holandesa&nbsp;<strong>Barbara Smit<\/strong>&nbsp;cuenta la historia de los hermanos alemanes que empezaron fabricando pantunflas y zapatillas en una \u00e9poca (1926) en la que el deporte no ten\u00eda un calzado especializado y en el que la ligereza o la flexibilidad aplicadas a los zapatos eran conceptos a\u00fan inexistentes.<\/p>\n\n\n\n<p>Su f\u00e1brica se llamaba \u201c<strong>Gerb\u00fcder Dassler Schuhfabrik<\/strong>\u201d, y aunque no ten\u00edan una marca en s\u00ed, la calidad de sus&nbsp;<strong>calzados<\/strong>&nbsp;hizo eco hasta llegar a los o\u00eddos del entrenador del equipo alem\u00e1n de atletismo, Josef Waitzer, quien los contrat\u00f3 para la confecci\u00f3n de calzado para los deportistas teutones.<\/p>\n\n\n\n<p>Ambos hermanos se complementaban en el negocio,&nbsp;<strong>Adolf (Adi)<\/strong>&nbsp;era el dise\u00f1ador introvertido, mientras que<strong>&nbsp;Rudolf<\/strong>&nbsp;era el extrovertido relaciones p\u00fablicas de la firma. El negocio creci\u00f3 gracias a la llegada del nazismo, ya que este movimiento pregonaba al deporte como un m\u00e9todo ideal para alcanzar la \u201cperfecci\u00f3n aria\u201d.<\/p>\n\n\n\n<p>Con la llegada de la<strong>&nbsp;Segunda Guerra Mundial<\/strong>&nbsp;comenzar\u00edan los problemas para los hermanos debido a sus idelolog\u00edas.&nbsp;<strong>Hitler<\/strong>&nbsp;convirti\u00f3 su taller en uno de repuestos y lanzamisiles,<strong>&nbsp;Rudolf se uni\u00f3 a la causa nazi, pero Adi se resisti\u00f3.<\/strong><\/p>\n\n\n\n<p>Incluso, Rudolf escribi\u00f3 una carta a su hermano en la que le advert\u00eda que pedir\u00eda el cierre de la f\u00e1brica que ten\u00edan con el fin de que Adi pudiese portar un arma.<\/p>\n\n\n\n<h3 class=\"wp-block-heading\"><strong>Separaci\u00f3n definitiva<\/strong><\/h3>\n\n\n\n<p>Con el final de la guerra, Adi se enfrent\u00f3 a un juicio por parte de Los Aliados en el que analizaron su nivel de apego a la ideolog\u00eda nazi, tras no encontr\u00e1rsele culpable,&nbsp;Adi puedo retener el control de su negocio.<\/p>\n\n\n\n<p>Por su parte,&nbsp;<strong>Rudolf&nbsp;<\/strong>se mud\u00f3 a otro pueblo y abri\u00f3 una peque\u00f1a f\u00e1brica luego de ser denunciado por su hermano, el motivo fue su simpat\u00eda por el nazismo.<\/p>\n\n\n\n<p>La mitad de los trabajadores y vendedores se fue con&nbsp;<strong>Rudolf, mientras que la otra mitad, los dise\u00f1adores, se quedaron en la f\u00e1brica de Adi<\/strong>. Es as\u00ed que nacen las dos firmas que se encuentran en lo m\u00e1s alto del deporte mundial:&nbsp;<strong>Puma fundada en 1948 por Rudolf y&nbsp;Adidas<\/strong>,<strong>&nbsp;nacida de la mano de Adi en 1949.<\/strong><\/p>\n","protected":false},"excerpt":{"rendered":"<p>Eran muy unidos, pero despu\u00e9s se disgustaron uno a otro y cada cual cogi\u00f3 su rumbo fundando sus respectivas compa\u00f1\u00edas de calzado. \u00bfQu\u00e9 hay detr\u00e1s del nacimiento de dos de las&nbsp;firmas deportivas&nbsp;m\u00e1s grandes del mundo? Es probable que pocos lo sepan, pero Adidas&nbsp;y Puma&nbsp;se fundaron tras una rencilla entre los hermanos&nbsp;Adolf y Rudolf Dassler. En [&hellip;]<\/p>\n","protected":false},"author":22776,"featured_media":68905,"comment_status":"open","ping_status":"open","sticky":false,"template":"","format":"standard","meta":{"footnotes":""},"categories":[40],"tags":[],"class_list":["post-68904","post","type-post","status-publish","format-standard","has-post-thumbnail","hentry","category-internacionales"],"_links":{"self":[{"href":"https:\/\/2horizontes.com\/index.php?rest_route=\/wp\/v2\/posts\/68904","targetHints":{"allow":["GET"]}}],"collection":[{"href":"https:\/\/2horizontes.com\/index.php?rest_route=\/wp\/v2\/posts"}],"about":[{"href":"https:\/\/2horizontes.com\/index.php?rest_route=\/wp\/v2\/types\/post"}],"author":[{"embeddable":true,"href":"https:\/\/2horizontes.com\/index.php?rest_route=\/wp\/v2\/users\/22776"}],"replies":[{"embeddable":true,"href":"https:\/\/2horizontes.com\/index.php?rest_route=%2Fwp%2Fv2%2Fcomments&post=68904"}],"version-history":[{"count":2,"href":"https:\/\/2horizontes.com\/index.php?rest_route=\/wp\/v2\/posts\/68904\/revisions"}],"predecessor-version":[{"id":68907,"href":"https:\/\/2horizontes.com\/index.php?rest_route=\/wp\/v2\/posts\/68904\/revisions\/68907"}],"wp:featuredmedia":[{"embeddable":true,"href":"https:\/\/2horizontes.com\/index.php?rest_route=\/wp\/v2\/media\/68905"}],"wp:attachment":[{"href":"https:\/\/2horizontes.com\/index.php?rest_route=%2Fwp%2Fv2%2Fmedia&parent=68904"}],"wp:term":[{"taxonomy":"category","embeddable":true,"href":"https:\/\/2horizontes.com\/index.php?rest_route=%2Fwp%2Fv2%2Fcategories&post=68904"},{"taxonomy":"post_tag","embeddable":true,"href":"https:\/\/2horizontes.com\/index.php?rest_route=%2Fwp%2Fv2%2Ftags&post=68904"}],"curies":[{"name":"wp","href":"https:\/\/api.w.org\/{rel}","templated":true}]}}