{"id":68895,"date":"2019-03-18T21:33:47","date_gmt":"2019-03-18T20:33:47","guid":{"rendered":"http:\/\/2horizontes.com\/?p=68895"},"modified":"2019-03-18T21:34:47","modified_gmt":"2019-03-18T20:34:47","slug":"apresan-joven-acusado-de-grabar-video-disparando-nino-malo-en-santiago","status":"publish","type":"post","link":"https:\/\/2horizontes.com\/?p=68895","title":{"rendered":"Apresan joven acusado de grabar v\u00eddeo disparando..\u201dNi\u00f1o Malo\u201d en Santiago"},"content":{"rendered":"\n<p>Las autoridades apresaron a Randy&nbsp; Reyes Marmolejos,&nbsp; mejor conocido como \u201cNi\u00f1o Malo\u201d, quien era buscado luego de que filmara una escena donde disparaba un arma de fuego y la colgara en las redes sociales.<\/p>\n\n\n\n<p>Reyes Marmolejos fue detenido por miembros del J-2 en el Aeropuerto Internacional del Cibao cuando regresada al pa\u00eds procedente de Nueva York.<\/p>\n\n\n\n<p>La acci\u00f3n fue cometida en marzo de 2018 cuando el detenido se encontraba dentro de un veh\u00edculo y, con m\u00fasica a alta velocidad procedi\u00f3 a disparar el arma, grabando la escena para luego subirla a las redes. El video se hizo viral, por lo que las autoridades iniciaron su b\u00fasqueda, pero huy\u00f3 a Estados Unidos hasta ayer que fue detenido a su regreso.<\/p>\n\n\n\n<p>Apresan joven acusado de grabar v\u00eddeo disparando..\u201dNi\u00f1o Malo\u201d en Santiago\ufffc<\/p>\n\n\n\n<p>Los disparos fueron hechos con una pistola con aditamentos para candencia de disparos autom\u00e1ticos.<\/p>\n","protected":false},"excerpt":{"rendered":"<p>Las autoridades apresaron a Randy&nbsp; Reyes Marmolejos,&nbsp; mejor conocido como \u201cNi\u00f1o Malo\u201d, quien era buscado luego de que filmara una escena donde disparaba un arma de fuego y la colgara en las redes sociales. Reyes Marmolejos fue detenido por miembros del J-2 en el Aeropuerto Internacional del Cibao cuando regresada al pa\u00eds procedente de Nueva [&hellip;]<\/p>\n","protected":false},"author":22776,"featured_media":68900,"comment_status":"open","ping_status":"open","sticky":false,"template":"","format":"standard","meta":{"footnotes":""},"categories":[53,44],"tags":[],"class_list":["post-68895","post","type-post","status-publish","format-standard","has-post-thumbnail","hentry","category-provincias","category-republica-dominicana"],"_links":{"self":[{"href":"https:\/\/2horizontes.com\/index.php?rest_route=\/wp\/v2\/posts\/68895","targetHints":{"allow":["GET"]}}],"collection":[{"href":"https:\/\/2horizontes.com\/index.php?rest_route=\/wp\/v2\/posts"}],"about":[{"href":"https:\/\/2horizontes.com\/index.php?rest_route=\/wp\/v2\/types\/post"}],"author":[{"embeddable":true,"href":"https:\/\/2horizontes.com\/index.php?rest_route=\/wp\/v2\/users\/22776"}],"replies":[{"embeddable":true,"href":"https:\/\/2horizontes.com\/index.php?rest_route=%2Fwp%2Fv2%2Fcomments&post=68895"}],"version-history":[{"count":1,"href":"https:\/\/2horizontes.com\/index.php?rest_route=\/wp\/v2\/posts\/68895\/revisions"}],"predecessor-version":[{"id":68899,"href":"https:\/\/2horizontes.com\/index.php?rest_route=\/wp\/v2\/posts\/68895\/revisions\/68899"}],"wp:featuredmedia":[{"embeddable":true,"href":"https:\/\/2horizontes.com\/index.php?rest_route=\/wp\/v2\/media\/68900"}],"wp:attachment":[{"href":"https:\/\/2horizontes.com\/index.php?rest_route=%2Fwp%2Fv2%2Fmedia&parent=68895"}],"wp:term":[{"taxonomy":"category","embeddable":true,"href":"https:\/\/2horizontes.com\/index.php?rest_route=%2Fwp%2Fv2%2Fcategories&post=68895"},{"taxonomy":"post_tag","embeddable":true,"href":"https:\/\/2horizontes.com\/index.php?rest_route=%2Fwp%2Fv2%2Ftags&post=68895"}],"curies":[{"name":"wp","href":"https:\/\/api.w.org\/{rel}","templated":true}]}}