{"id":68854,"date":"2019-03-14T15:33:49","date_gmt":"2019-03-14T14:33:49","guid":{"rendered":"http:\/\/2horizontes.com\/?p=68854"},"modified":"2019-03-14T15:33:51","modified_gmt":"2019-03-14T14:33:51","slug":"fernandez-asegura-el-sector-externo-es-fuerza-decisiva-en-elecciones","status":"publish","type":"post","link":"https:\/\/2horizontes.com\/?p=68854","title":{"rendered":"Fern\u00e1ndez asegura el sector externo es fuerza decisiva en elecciones"},"content":{"rendered":"\n<p>Santo Domingo, 14 mar.- El precandidato presidencial por el Partido de la Liberaci\u00f3n Dominicana (PLD) Leonel Fern\u00e1ndez asegur\u00f3 este mi\u00e9rcoles que con las primarias abiertas los movimientos del sector externo constituyen una poderosa fuerza electoral que garantizan el triunfo en el pr\u00f3ximo torneo electoral de 2020.<\/p>\n\n\n\n<p><br>El expresidente, quien habl\u00f3 ante coordinadores regionales y directivos de movimientos que integran el Sector Externo con Leonel (SEL) en un hotel de la capital, asegur\u00f3 que los integrantes de esos grupos no militan en ning\u00fan partido pol\u00edtico y se mantienen alejados de la cotidianeidad pol\u00edtica del pa\u00eds.<\/p>\n\n\n\n<p>Destac\u00f3 que en Europa y Estados Unidos la mayor\u00eda de los ciudadanos y ciudadanas no participan en la actividad pol\u00edtica, pero son los que deciden los triunfos en las urnas.<\/p>\n\n\n\n\n\n<p>Sostuvo, en nota de prensa, que el sector externo y los 2 millones de formularios con los datos de sus adeptos, que presentar\u00e1 en mayo de este a\u00f1o, le garantizan que ganar\u00e1 en primera vuelta en las elecciones nacionales de 2020.<\/p>\n\n\n\n<p>Puntualiz\u00f3 que sus recorridos por las provincias y municipios del pa\u00eds, as\u00ed como el entusiasmo que constata en cada visita, le manifiestan una intenci\u00f3n de voto a su favor de m\u00e1s del 50 por ciento del electorado dominicano.<\/p>\n\n\n\n<p>\u201cEs por eso que estamos cada vez m\u00e1s motivados de estar en la calle defendiendo la Constituci\u00f3n y la democracia dominicana. Las manifestaciones y expresiones que recibimos es la de un pueblo luchando por su destino\u201d, indic\u00f3 el presidente del PLD.<\/p>\n\n\n\n<p>En el acto, el coordinador general del SEL Freddy P\u00e9rez coincidi\u00f3 con Fern\u00e1ndez en la importancia vital del sector externo.<\/p>\n\n\n\n<p>Agreg\u00f3 que el SEL maneja un sistema inform\u00e1tico que garantiza la organizaci\u00f3n de ciudadanos que apoyan las aspiraciones presidenciales de Fern\u00e1ndez.<\/p>\n\n\n\n<p>Dijo que esos grupos del sector externo lo integran personas en diferentes partes del pa\u00eds, as\u00ed como Estados Unidos, Puerto Rico, Canad\u00e1 y Europa, lo que multiplica la adhesi\u00f3n de la gente a favor de Fern\u00e1ndez.<\/p>\n\n\n\n<p>En el encuentro hablaron los coordinadores regionales Angelita Pe\u00f1a, regi\u00f3n sur; Ar\u00edstides Fern\u00e1ndez Zucco, del este; Luis Toral, Cibao.<\/p>\n\n\n\n<p>Participaron Radham\u00e9s Jim\u00e9nez y Bautista Rojas, coordinadores general y operativo del Proyecto Leonel 2020; el expresidente de la C\u00e1mara de Diputados, Rub\u00e9n Maldonado; los diputados Henry Mer\u00e1n y Dem\u00f3stenes Mart\u00ednez; Roberto Rosario, miembro del equipo del Proyecto Leonel 2020; Omar Fern\u00e1ndez, hijo de Fern\u00e1ndez, entre otros.EFE<\/p>\n","protected":false},"excerpt":{"rendered":"<p>Santo Domingo, 14 mar.- El precandidato presidencial por el Partido de la Liberaci\u00f3n Dominicana (PLD) Leonel Fern\u00e1ndez asegur\u00f3 este mi\u00e9rcoles que con las primarias abiertas los movimientos del sector externo constituyen una poderosa fuerza electoral que garantizan el triunfo en el pr\u00f3ximo torneo electoral de 2020. El expresidente, quien habl\u00f3 ante coordinadores regionales y directivos [&hellip;]<\/p>\n","protected":false},"author":1,"featured_media":68855,"comment_status":"open","ping_status":"open","sticky":false,"template":"","format":"standard","meta":{"footnotes":""},"categories":[40,43,44],"tags":[],"class_list":["post-68854","post","type-post","status-publish","format-standard","has-post-thumbnail","hentry","category-internacionales","category-politica","category-republica-dominicana"],"_links":{"self":[{"href":"https:\/\/2horizontes.com\/index.php?rest_route=\/wp\/v2\/posts\/68854","targetHints":{"allow":["GET"]}}],"collection":[{"href":"https:\/\/2horizontes.com\/index.php?rest_route=\/wp\/v2\/posts"}],"about":[{"href":"https:\/\/2horizontes.com\/index.php?rest_route=\/wp\/v2\/types\/post"}],"author":[{"embeddable":true,"href":"https:\/\/2horizontes.com\/index.php?rest_route=\/wp\/v2\/users\/1"}],"replies":[{"embeddable":true,"href":"https:\/\/2horizontes.com\/index.php?rest_route=%2Fwp%2Fv2%2Fcomments&post=68854"}],"version-history":[{"count":1,"href":"https:\/\/2horizontes.com\/index.php?rest_route=\/wp\/v2\/posts\/68854\/revisions"}],"predecessor-version":[{"id":68856,"href":"https:\/\/2horizontes.com\/index.php?rest_route=\/wp\/v2\/posts\/68854\/revisions\/68856"}],"wp:featuredmedia":[{"embeddable":true,"href":"https:\/\/2horizontes.com\/index.php?rest_route=\/wp\/v2\/media\/68855"}],"wp:attachment":[{"href":"https:\/\/2horizontes.com\/index.php?rest_route=%2Fwp%2Fv2%2Fmedia&parent=68854"}],"wp:term":[{"taxonomy":"category","embeddable":true,"href":"https:\/\/2horizontes.com\/index.php?rest_route=%2Fwp%2Fv2%2Fcategories&post=68854"},{"taxonomy":"post_tag","embeddable":true,"href":"https:\/\/2horizontes.com\/index.php?rest_route=%2Fwp%2Fv2%2Ftags&post=68854"}],"curies":[{"name":"wp","href":"https:\/\/api.w.org\/{rel}","templated":true}]}}