{"id":68756,"date":"2019-02-25T14:49:22","date_gmt":"2019-02-25T13:49:22","guid":{"rendered":"http:\/\/2horizontes.com\/?p=68756"},"modified":"2019-02-25T14:49:23","modified_gmt":"2019-02-25T13:49:23","slug":"espana-juez-cita-partes-personadas-en-la-causa-contra-ana-julia-quezada","status":"publish","type":"post","link":"https:\/\/2horizontes.com\/?p=68756","title":{"rendered":"ESPA\u00d1A: Juez cita partes personadas en la causa contra Ana Julia Quezada"},"content":{"rendered":"\n<p>ESPA\u00d1A.- El Juzgado de Instrucci\u00f3n 5 de Almer\u00eda ha citado el 27 de febrero a las partes personadas en la causa penal contra Ana Julia Quezada por la muerte violenta del ni\u00f1o de ocho a\u00f1os Gabriel Cruz para celebrar la audiencia preliminar que prev\u00e9 la ley antes de decidir la apertura de juicio oral contra ella por presuntos delitos de asesinato, contra la integridad moral y lesiones ps\u00edquicas.<\/p>\n\n\n\n<p>La comparecencia, en la que acusaciones y defensa podr\u00e1n interesar la pr\u00e1ctica de diligencias complementarias encaminadas \u00fanicamente a determinar si procede o no elevar el procedimiento a la Audiencia Provincial de Almer\u00eda para la celebraci\u00f3n de vista oral, se ha se\u00f1alado en la fecha en la que se cumple un a\u00f1o exacto de la desaparici\u00f3n del menor en la pedan\u00eda de Las Hortichuelas, en N\u00edjar, y de su muerte posterior.<\/p>\n\n\n\n<p>Fuentes judiciales han confirmado a Europa Press que el magistrado Rafael Soriano ha convocado a las partes el d\u00eda 27 y, que, con posterioridad, bien en el mismo acto o en los tres d\u00edas posteriores, debe dictar el auto de apertura de juicio oral contra Ana Julia Quezada, quien se enfrenta a la pena de prisi\u00f3n permanente revisable que solicitan tanto la Fiscal\u00eda como la acusaci\u00f3n particular que ejercen los padres del ni\u00f1o, \u00c1ngel Cruz y Patricia Ram\u00edrez.<\/p>\n\n\n\n\n\n<p>La defensa de la procesada solicita un m\u00e1ximo de tres a\u00f1os de prisi\u00f3n ya que considera que los hechos se enmarcan en un delito de homicidio por imprudencia grave porque habr\u00edan sido, seg\u00fan sostiene, fue el resultado de \u201cuna disputa\u201d y no fue un crimen planificado. Adem\u00e1s, interesa que se tenga en cuenta la atenuante de confesi\u00f3n tard\u00eda.<\/p>\n\n\n\n<p>La \u00faltima vez que Ana Julia Quezada compareci\u00f3 en el Juzgado de Instrucci\u00f3n 5 de Almer\u00eda fue el 17 de septiembre de 2018 si bien la ley, en este caso, contempla su citaci\u00f3n pero no su necesaria presencia. Hace cinco meses lo hizo durante apenas una hora para conocer que iba a ser procesada por la presunta comisi\u00f3n de delitos de asesinato, contra la integridad moral, y lesiones ps\u00edquicas.<\/p>\n\n\n\n<p>Conoci\u00f3 en ese momento tambi\u00e9n que se hab\u00eda acordado el sobreseimiento del delito de detenci\u00f3n ilegal por el que tambi\u00e9n se le investigaba ya que el magistrado estim\u00f3 que formaba parte \u201cde la din\u00e1mica comisiva del asesinato coger a una persona de un sitio para llevarla a otro y matarla\u201d.<\/p>\n\n\n\n<p>La \u00fanica acusada por el crimen del ni\u00f1o Gabriel Cruz ser\u00e1 enjuiciada por un tribunal de jurado despu\u00e9s de que la Audiencia confirmarse el auto del juez Soriano y rechazase los argumentos de la defensa que sostiene que \u201cla extraordinaria y desmedida repercusi\u00f3n medi\u00e1tica de los hechos privar\u00eda a cualquier ciudadano llamado a ser jurado de la imparcialidad y la serenidad de \u00e1nimo requeridas por la Constituci\u00f3n para la dedicada labor de juzgar\u201d.<\/p>\n\n\n\n<p>El tribunal de la Secci\u00f3n Tercera concluy\u00f3 que \u201cno estaba justificado cuestionar la integridad e imparcialidad\u201d y alud\u00eda a que la ley prev\u00e9 diversos mecanismos en la fase del constituci\u00f3n del jurado popular \u201ca disposici\u00f3n de las partes con el fin de salvaguardar el buen funcionamiento mediante la recusaci\u00f3n de alguno de sus miembros\u201d.<\/p>\n\n\n\n<p>La Fiscal\u00eda ha solicitado, adem\u00e1s de la prisi\u00f3n permanente revisable por el delito de asesinato con alevos\u00eda, un total de diez a\u00f1os de prisi\u00f3n por dos delitos de lesiones ps\u00edquicas cometidos sobre los padres del ni\u00f1o y que se le proh\u00edba tanto la comunicaci\u00f3n como la aproximaci\u00f3n a una distancia de un kil\u00f3metro durante 30 a\u00f1os.<\/p>\n\n\n\n<p>Como responsabilidad civil, la Fiscal\u00eda solicita que la acusada Ana Julia Quezada abone una indemnizaci\u00f3n de 300.000 euros a \u00c1ngel Cruz y Patricia Ram\u00edrez en concepto de reparaci\u00f3n por el da\u00f1o moral causado y por el mismo delito la cantidad de 160.000 euros a la abuela paterna.<\/p>\n\n\n\n<p>Tambi\u00e9n incluye el pago a los progenitores Patricia Ram\u00edrez y \u00c1ngel Cruz en la cantidad de 170.000 euros, 85.000 euros por cada uno de ellos, en concepto de lesiones ps\u00edquicas y secuelas y por los gastos m\u00e9dicos-farmac\u00e9uticos acreditados.<\/p>\n\n\n\n<p>Por otro lado, solicita el pago de 200.203 euros por los gastos generados en el amplio despliegue operativo que se puso en marcha en la b\u00fasqueda del menor desaparecido durante once d\u00edas.<\/p>\n","protected":false},"excerpt":{"rendered":"<p>ESPA\u00d1A.- El Juzgado de Instrucci\u00f3n 5 de Almer\u00eda ha citado el 27 de febrero a las partes personadas en la causa penal contra Ana Julia Quezada por la muerte violenta del ni\u00f1o de ocho a\u00f1os Gabriel Cruz para celebrar la audiencia preliminar que prev\u00e9 la ley antes de decidir la apertura de juicio oral contra [&hellip;]<\/p>\n","protected":false},"author":1,"featured_media":68757,"comment_status":"open","ping_status":"open","sticky":false,"template":"","format":"standard","meta":{"footnotes":""},"categories":[46,85],"tags":[],"class_list":["post-68756","post","type-post","status-publish","format-standard","has-post-thumbnail","hentry","category-dominicanos-en-madrid","category-espana"],"_links":{"self":[{"href":"https:\/\/2horizontes.com\/index.php?rest_route=\/wp\/v2\/posts\/68756","targetHints":{"allow":["GET"]}}],"collection":[{"href":"https:\/\/2horizontes.com\/index.php?rest_route=\/wp\/v2\/posts"}],"about":[{"href":"https:\/\/2horizontes.com\/index.php?rest_route=\/wp\/v2\/types\/post"}],"author":[{"embeddable":true,"href":"https:\/\/2horizontes.com\/index.php?rest_route=\/wp\/v2\/users\/1"}],"replies":[{"embeddable":true,"href":"https:\/\/2horizontes.com\/index.php?rest_route=%2Fwp%2Fv2%2Fcomments&post=68756"}],"version-history":[{"count":1,"href":"https:\/\/2horizontes.com\/index.php?rest_route=\/wp\/v2\/posts\/68756\/revisions"}],"predecessor-version":[{"id":68758,"href":"https:\/\/2horizontes.com\/index.php?rest_route=\/wp\/v2\/posts\/68756\/revisions\/68758"}],"wp:featuredmedia":[{"embeddable":true,"href":"https:\/\/2horizontes.com\/index.php?rest_route=\/wp\/v2\/media\/68757"}],"wp:attachment":[{"href":"https:\/\/2horizontes.com\/index.php?rest_route=%2Fwp%2Fv2%2Fmedia&parent=68756"}],"wp:term":[{"taxonomy":"category","embeddable":true,"href":"https:\/\/2horizontes.com\/index.php?rest_route=%2Fwp%2Fv2%2Fcategories&post=68756"},{"taxonomy":"post_tag","embeddable":true,"href":"https:\/\/2horizontes.com\/index.php?rest_route=%2Fwp%2Fv2%2Ftags&post=68756"}],"curies":[{"name":"wp","href":"https:\/\/api.w.org\/{rel}","templated":true}]}}