{"id":68747,"date":"2019-02-25T14:32:18","date_gmt":"2019-02-25T13:32:18","guid":{"rendered":"http:\/\/2horizontes.com\/?p=68747"},"modified":"2019-02-25T14:32:20","modified_gmt":"2019-02-25T13:32:20","slug":"puerto-rico-municipio-de-san-juan-celebra-independencia-de-rd","status":"publish","type":"post","link":"https:\/\/2horizontes.com\/?p=68747","title":{"rendered":"PUERTO RICO: Municipio de San Juan celebra independencia de RD"},"content":{"rendered":"\n<p>SAN JUAN (EFE).- El Municipio Aut\u00f3nomo de San Juan, en Puerto Rico, celebra hoy un evento musical en la Plaza Barcel\u00f3 de Barrio Obrero con la participaci\u00f3n de Oscarito, la Orquesta Quisqueya y Milly Quezada como parte de las actividades en conmemoraci\u00f3n de la independencia de la Rep\u00fablica Dominicana,<\/p>\n\n\n\n<p>\u201cEstamos celebrando y honrando a los ciudadanos dominicanos residentes en San Juan, que d\u00eda a d\u00eda contribuyen al desarrollo de nuestra ciudad. Reconocemos y valoramos su esp\u00edritu de lucha y su valiosa aportaci\u00f3n, en diferentes \u00e1reas como la cultura, las bellas artes, el deporte y la econom\u00eda\u201d, dijo en un comunicado la alcaldesa Carmen Yul\u00edn Cruz.<\/p>\n\n\n\n<p>La comunidad dominicana constituye el primer grupo extranjero de Puerto Rico con cerca de 70.000 censados.<\/p>\n\n\n\n\n\n<p>De forma extraoficial se calcula que esa comunidad se sit\u00faa por encima de las 200.000 personas si se incluye a los que permanecen de forma irregular, mayoritariamente concentradas en San Juan, su \u00e1rea metropolitana y la costa oeste de la isla caribe\u00f1a.<\/p>\n\n\n\n<p>Durante esta Semana Conmemorativa de la Comunidad Dominicana, la cual se celebra durante la \u00faltima semana de febrero, el Municipio de San Juan realiza diversas actividades para honrar y reiterar su pol\u00edtica de puertas abiertas hacia la poblaci\u00f3n dominicana.<\/p>\n\n\n\n<p>Entre otras actividades, el pasado jueves se inaugur\u00f3 la exposici\u00f3n \u201cBajo el Velo de un Romance\u201d del artista dominicano Yan P\u00e1ez, con el apoyo del Municipio y de la Casa Dominicana.<\/p>\n\n\n\n<p>Una de las iniciativas implementadas en San Juan para ayudar a ese colectivo es la Casa Dominicana, que sirve como un centro de servicios donde se ofrecen tutor\u00edas, cursos de alfabetizaci\u00f3n, charlas educativas, clases de baile, exposiciones de arte, y actividades sociales.<\/p>\n\n\n\n<p>\u201cEsta comunidad es vital en el desarrollo de San Juan y de Puerto Rico. Continuar\u00e9 mi lucha a favor de los inmigrantes de cualquier nacionalidad, para que sientan que San Juan es su casa. Todos somos seres humanos dignos, que merecemos respeto, y en nuestra ciudad seguiremos evaluando medidas para hacerles justicia\u201d, sostuvo Carmen Yul\u00edn Cruz.&nbsp;<\/p>\n","protected":false},"excerpt":{"rendered":"<p>SAN JUAN (EFE).- El Municipio Aut\u00f3nomo de San Juan, en Puerto Rico, celebra hoy un evento musical en la Plaza Barcel\u00f3 de Barrio Obrero con la participaci\u00f3n de Oscarito, la Orquesta Quisqueya y Milly Quezada como parte de las actividades en conmemoraci\u00f3n de la independencia de la Rep\u00fablica Dominicana, \u201cEstamos celebrando y honrando a los [&hellip;]<\/p>\n","protected":false},"author":1,"featured_media":68748,"comment_status":"open","ping_status":"open","sticky":false,"template":"","format":"standard","meta":{"footnotes":""},"categories":[62,1,40,44],"tags":[],"class_list":["post-68747","post","type-post","status-publish","format-standard","has-post-thumbnail","hentry","category-cultura","category-entretenimiento","category-internacionales","category-republica-dominicana"],"_links":{"self":[{"href":"https:\/\/2horizontes.com\/index.php?rest_route=\/wp\/v2\/posts\/68747","targetHints":{"allow":["GET"]}}],"collection":[{"href":"https:\/\/2horizontes.com\/index.php?rest_route=\/wp\/v2\/posts"}],"about":[{"href":"https:\/\/2horizontes.com\/index.php?rest_route=\/wp\/v2\/types\/post"}],"author":[{"embeddable":true,"href":"https:\/\/2horizontes.com\/index.php?rest_route=\/wp\/v2\/users\/1"}],"replies":[{"embeddable":true,"href":"https:\/\/2horizontes.com\/index.php?rest_route=%2Fwp%2Fv2%2Fcomments&post=68747"}],"version-history":[{"count":1,"href":"https:\/\/2horizontes.com\/index.php?rest_route=\/wp\/v2\/posts\/68747\/revisions"}],"predecessor-version":[{"id":68749,"href":"https:\/\/2horizontes.com\/index.php?rest_route=\/wp\/v2\/posts\/68747\/revisions\/68749"}],"wp:featuredmedia":[{"embeddable":true,"href":"https:\/\/2horizontes.com\/index.php?rest_route=\/wp\/v2\/media\/68748"}],"wp:attachment":[{"href":"https:\/\/2horizontes.com\/index.php?rest_route=%2Fwp%2Fv2%2Fmedia&parent=68747"}],"wp:term":[{"taxonomy":"category","embeddable":true,"href":"https:\/\/2horizontes.com\/index.php?rest_route=%2Fwp%2Fv2%2Fcategories&post=68747"},{"taxonomy":"post_tag","embeddable":true,"href":"https:\/\/2horizontes.com\/index.php?rest_route=%2Fwp%2Fv2%2Ftags&post=68747"}],"curies":[{"name":"wp","href":"https:\/\/api.w.org\/{rel}","templated":true}]}}