{"id":68663,"date":"2019-02-15T12:44:03","date_gmt":"2019-02-15T11:44:03","guid":{"rendered":"http:\/\/2horizontes.com\/?p=68663"},"modified":"2019-02-15T12:44:06","modified_gmt":"2019-02-15T11:44:06","slug":"paulino-sem-niega-usen-territorio-para-atacar-venezuela","status":"publish","type":"post","link":"https:\/\/2horizontes.com\/?p=68663","title":{"rendered":"Paulino Sem niega usen territorio para atacar Venezuela"},"content":{"rendered":"\n<p>El ministro de Defensa, teniente general Rub\u00e9n Dar\u00edo Paulino Sem, neg\u00f3 que se haya utilizado la base a\u00e9rea de San Isidro como plataforma de preparaci\u00f3n de tropas estadounidenses para invadir a Venezuela, como ayer en la ma\u00f1ana denunci\u00f3 el Gobierno de Cuba.<\/p>\n\n\n\n<p>El gobierno cubano denunci\u00f3 movimientos a\u00e9reos entre el 6 y el 10 de febrero para atacar Venezuela en una \u201caventura militar disfrazada de intervenci\u00f3n humanitaria\u201d.<\/p>\n\n\n\n<p>\u201cEs falso. Aqu\u00ed no hay tropas de Estados Unidos. Ni se ha usado la base a\u00e9rea de San Isidro con esos fines\u201d, dijo el ministro de Defensa.<\/p>\n\n\n\n<p>El ministro explic\u00f3 que tropas dominicanas y estadounidenses est\u00e1n haciendo ejercicios de b\u00fasqueda y rescate en Bah\u00eda de las Calderas, en Ban\u00ed, base de la Armada dominicana. Paulino Sem dijo que se trata de ejercicios rutinarios que se hacen cada dos a\u00f1os entre ambos pa\u00edses.<\/p>\n\n\n\n<p>El&nbsp; Comandante General de la Fuerza A\u00e9rea de Rep\u00fablica Dominicana (FARD), mayor general Richard V\u00e1squez Jim\u00e9nez, rest\u00f3 importancia a la denuncia de que la Base A\u00e9rea de San Isidro se estar\u00eda utilizando para el movimiento de aeronaves para atacar a Venezuela.&nbsp; &nbsp;<\/p>\n\n\n\n<p>Al referirse a la denuncia del gobierno cubano de que la base a\u00e9rea haya sido utilizada como plataforma de preparaci\u00f3n de tropas estadounidenses para invadir a Venezuela, V\u00e1squez Jim\u00e9nez se\u00f1al\u00f3 que esa informaci\u00f3n no le merec\u00eda comentario. \u201cA nosotros esa informaci\u00f3n no nos merece ninguna opini\u00f3n en particular\u201d, expres\u00f3 de manera enf\u00e1tica V\u00e1squez Jim\u00e9nez, entrevistado en la Base A\u00e9rea de San Isidro durante un recorrido.<\/p>\n","protected":false},"excerpt":{"rendered":"<p>El ministro de Defensa, teniente general Rub\u00e9n Dar\u00edo Paulino Sem, neg\u00f3 que se haya utilizado la base a\u00e9rea de San Isidro como plataforma de preparaci\u00f3n de tropas estadounidenses para invadir a Venezuela, como ayer en la ma\u00f1ana denunci\u00f3 el Gobierno de Cuba. El gobierno cubano denunci\u00f3 movimientos a\u00e9reos entre el 6 y el 10 de [&hellip;]<\/p>\n","protected":false},"author":22776,"featured_media":68664,"comment_status":"open","ping_status":"open","sticky":false,"template":"","format":"standard","meta":{"footnotes":""},"categories":[44],"tags":[],"class_list":["post-68663","post","type-post","status-publish","format-standard","has-post-thumbnail","hentry","category-republica-dominicana"],"_links":{"self":[{"href":"https:\/\/2horizontes.com\/index.php?rest_route=\/wp\/v2\/posts\/68663","targetHints":{"allow":["GET"]}}],"collection":[{"href":"https:\/\/2horizontes.com\/index.php?rest_route=\/wp\/v2\/posts"}],"about":[{"href":"https:\/\/2horizontes.com\/index.php?rest_route=\/wp\/v2\/types\/post"}],"author":[{"embeddable":true,"href":"https:\/\/2horizontes.com\/index.php?rest_route=\/wp\/v2\/users\/22776"}],"replies":[{"embeddable":true,"href":"https:\/\/2horizontes.com\/index.php?rest_route=%2Fwp%2Fv2%2Fcomments&post=68663"}],"version-history":[{"count":2,"href":"https:\/\/2horizontes.com\/index.php?rest_route=\/wp\/v2\/posts\/68663\/revisions"}],"predecessor-version":[{"id":68666,"href":"https:\/\/2horizontes.com\/index.php?rest_route=\/wp\/v2\/posts\/68663\/revisions\/68666"}],"wp:featuredmedia":[{"embeddable":true,"href":"https:\/\/2horizontes.com\/index.php?rest_route=\/wp\/v2\/media\/68664"}],"wp:attachment":[{"href":"https:\/\/2horizontes.com\/index.php?rest_route=%2Fwp%2Fv2%2Fmedia&parent=68663"}],"wp:term":[{"taxonomy":"category","embeddable":true,"href":"https:\/\/2horizontes.com\/index.php?rest_route=%2Fwp%2Fv2%2Fcategories&post=68663"},{"taxonomy":"post_tag","embeddable":true,"href":"https:\/\/2horizontes.com\/index.php?rest_route=%2Fwp%2Fv2%2Ftags&post=68663"}],"curies":[{"name":"wp","href":"https:\/\/api.w.org\/{rel}","templated":true}]}}