{"id":68655,"date":"2019-02-13T15:15:02","date_gmt":"2019-02-13T14:15:02","guid":{"rendered":"http:\/\/2horizontes.com\/?p=68655"},"modified":"2019-02-13T15:15:03","modified_gmt":"2019-02-13T14:15:03","slug":"modesto-guzman-escenario-politico-del-2020-lo-gestan-mujeres-y-los-jovenes","status":"publish","type":"post","link":"https:\/\/2horizontes.com\/?p=68655","title":{"rendered":"Modesto Guzm\u00e1n: escenario pol\u00edtico del 2020 lo gestan mujeres y los j\u00f3venes"},"content":{"rendered":"\n<p>BANI, Rep\u00fablica Dominicana.- El dirigente reformista Modesto Guzm\u00e1n se reuni\u00f3 aqu\u00ed con j\u00f3venes coordinadores de su proyecto pol\u00edtico y&nbsp; present\u00f3 la precandidatura a regidora de este municipio de Guarina Conde, activista social y pol\u00edtica de esta demarcaci\u00f3n.<\/p>\n\n\n\n<p>Destac\u00f3 la participaci\u00f3n y protagonismo de las mujeres y los j\u00f3venes en la gestaci\u00f3n del escenario que, a su juicio,&nbsp; se est\u00e1 construyendo de cara a las elecciones de 2020.<\/p>\n\n\n\n<p>\u201cEs una tendencia que se viene dando fruto de realidades, de la globalizaci\u00f3n y la democratizaci\u00f3n de los nuevos medios de comunicaci\u00f3n. Adem\u00e1s, el empoderamiento de \u00e9sta sobre la realidad actual y la que persiguen para sus respectivos pa\u00edses y grupos sociales a los cuales pertenecen\u201d, dijo.<\/p>\n\n\n\n\n\n<p>Sobre las aspiraciones a regidora de la dirigente Guarina Conde, quien es la coordinadora general del proyecto \u201cModesto Guzm\u00e1n\u201d en Ban\u00ed,&nbsp; afirm\u00f3 que ella ha ocupado importantes posiciones en la estructura de la Juventud Reformista y es&nbsp; una activista social y promotora de los valores en este municipio.<\/p>\n\n\n\n<p>El encuentro aqu\u00ed se produjo en el marco de un recorrido nacional que realiza Modesto Guzm\u00e1n como parte de las acciones de su estructura pol\u00edtica en todo el pa\u00eds, de cara a los comicios congresuales, municipales y presidenciales del 2020.<\/p>\n\n\n\n<p>sp-am<\/p>\n","protected":false},"excerpt":{"rendered":"<p>BANI, Rep\u00fablica Dominicana.- El dirigente reformista Modesto Guzm\u00e1n se reuni\u00f3 aqu\u00ed con j\u00f3venes coordinadores de su proyecto pol\u00edtico y&nbsp; present\u00f3 la precandidatura a regidora de este municipio de Guarina Conde, activista social y pol\u00edtica de esta demarcaci\u00f3n. Destac\u00f3 la participaci\u00f3n y protagonismo de las mujeres y los j\u00f3venes en la gestaci\u00f3n del escenario que, a [&hellip;]<\/p>\n","protected":false},"author":1,"featured_media":68656,"comment_status":"open","ping_status":"open","sticky":false,"template":"","format":"standard","meta":{"footnotes":""},"categories":[43,44],"tags":[],"class_list":["post-68655","post","type-post","status-publish","format-standard","has-post-thumbnail","hentry","category-politica","category-republica-dominicana"],"_links":{"self":[{"href":"https:\/\/2horizontes.com\/index.php?rest_route=\/wp\/v2\/posts\/68655","targetHints":{"allow":["GET"]}}],"collection":[{"href":"https:\/\/2horizontes.com\/index.php?rest_route=\/wp\/v2\/posts"}],"about":[{"href":"https:\/\/2horizontes.com\/index.php?rest_route=\/wp\/v2\/types\/post"}],"author":[{"embeddable":true,"href":"https:\/\/2horizontes.com\/index.php?rest_route=\/wp\/v2\/users\/1"}],"replies":[{"embeddable":true,"href":"https:\/\/2horizontes.com\/index.php?rest_route=%2Fwp%2Fv2%2Fcomments&post=68655"}],"version-history":[{"count":1,"href":"https:\/\/2horizontes.com\/index.php?rest_route=\/wp\/v2\/posts\/68655\/revisions"}],"predecessor-version":[{"id":68657,"href":"https:\/\/2horizontes.com\/index.php?rest_route=\/wp\/v2\/posts\/68655\/revisions\/68657"}],"wp:featuredmedia":[{"embeddable":true,"href":"https:\/\/2horizontes.com\/index.php?rest_route=\/wp\/v2\/media\/68656"}],"wp:attachment":[{"href":"https:\/\/2horizontes.com\/index.php?rest_route=%2Fwp%2Fv2%2Fmedia&parent=68655"}],"wp:term":[{"taxonomy":"category","embeddable":true,"href":"https:\/\/2horizontes.com\/index.php?rest_route=%2Fwp%2Fv2%2Fcategories&post=68655"},{"taxonomy":"post_tag","embeddable":true,"href":"https:\/\/2horizontes.com\/index.php?rest_route=%2Fwp%2Fv2%2Ftags&post=68655"}],"curies":[{"name":"wp","href":"https:\/\/api.w.org\/{rel}","templated":true}]}}