{"id":68649,"date":"2019-02-13T14:57:20","date_gmt":"2019-02-13T13:57:20","guid":{"rendered":"http:\/\/2horizontes.com\/?p=68649"},"modified":"2019-02-13T14:57:22","modified_gmt":"2019-02-13T13:57:22","slug":"diputados-reformistas-opuestos-a-modificar-constitucion-para-reeleccion","status":"publish","type":"post","link":"https:\/\/2horizontes.com\/?p=68649","title":{"rendered":"Diputados reformistas, opuestos a modificar Constituci\u00f3n para reelecci\u00f3n"},"content":{"rendered":"\n<p>Santo Domingo, 13 efe.- Los diputados del Partido Reformista Social Cristiano (PRSC) Pedro Botell y Melvin Lara se opusieron este martes a una reforma constitucional para incluir la reelecci\u00f3n presidencial, seg\u00fan destacaron en nota de prensa.<\/p>\n\n\n\n<p><br>Aseguraron que nadie puede incluir en ninguna lista a los reformistas como supuestos reeleccionistas, porque el expresidente Joaqu\u00edn Balaguer nunca modific\u00f3 la Constituci\u00f3n para reelegirse, ya que la Carta Magna se lo permit\u00eda.<\/p>\n\n\n\n<p>\u201cHablar de una reforma constitucional en estos momentos, para prevalerse de ella, es una imprudencia que debe ser repudiada por quienes aman la vida institucional y democr\u00e1tica del pa\u00eds\u201d, afirmaron los legisladores en rueda de prensa realizada por el bloque de diputados del PRSC en la C\u00e1mara de Diputados.<\/p>\n\n\n\n\n\n<p>Botello y Lara, hablando en sus propios nombres y en su condici\u00f3n de diputados de la Rep\u00fablica, precisaron por separado que el PRSC deber\u00e1 oponerse a cualquier intento de reforma constitucional que pueda lacerar la vida institucional del pa\u00eds.<\/p>\n\n\n\n<p>\u201cHablar de una reforma constitucional en estos momentos es un acto de imprudencia\u201d, comentaron.<\/p>\n\n\n\n<p>Aseguraron, adem\u00e1s, que quienes promueven una nueva reforma a la Constituci\u00f3n de la Rep\u00fablica para hacerse un traje a su medida, \u201cnos tendr\u00e1n de frente\u201d.<\/p>\n\n\n\n<p>Botello y Loara puntualizaron que la quiebra moral del Congreso puede significar el inicio de la muerte de la d\u00e9bil democracia dominicana y el resquebrajamiento de la institucionalidad del pa\u00eds.<\/p>\n\n\n\n<p>Advirtieron que no permitir\u00e1n que el Congreso Nacional se convierta en una cloaca moral del sistema democr\u00e1tico del pa\u00eds, \u201cy eso tenemos que evitarlo protegiendo la integridad de nuestra Constituci\u00f3n\u201d.EFE<\/p>\n","protected":false},"excerpt":{"rendered":"<p>Santo Domingo, 13 efe.- Los diputados del Partido Reformista Social Cristiano (PRSC) Pedro Botell y Melvin Lara se opusieron este martes a una reforma constitucional para incluir la reelecci\u00f3n presidencial, seg\u00fan destacaron en nota de prensa. Aseguraron que nadie puede incluir en ninguna lista a los reformistas como supuestos reeleccionistas, porque el expresidente Joaqu\u00edn Balaguer [&hellip;]<\/p>\n","protected":false},"author":1,"featured_media":68650,"comment_status":"open","ping_status":"open","sticky":false,"template":"","format":"standard","meta":{"footnotes":""},"categories":[43,44],"tags":[],"class_list":["post-68649","post","type-post","status-publish","format-standard","has-post-thumbnail","hentry","category-politica","category-republica-dominicana"],"_links":{"self":[{"href":"https:\/\/2horizontes.com\/index.php?rest_route=\/wp\/v2\/posts\/68649","targetHints":{"allow":["GET"]}}],"collection":[{"href":"https:\/\/2horizontes.com\/index.php?rest_route=\/wp\/v2\/posts"}],"about":[{"href":"https:\/\/2horizontes.com\/index.php?rest_route=\/wp\/v2\/types\/post"}],"author":[{"embeddable":true,"href":"https:\/\/2horizontes.com\/index.php?rest_route=\/wp\/v2\/users\/1"}],"replies":[{"embeddable":true,"href":"https:\/\/2horizontes.com\/index.php?rest_route=%2Fwp%2Fv2%2Fcomments&post=68649"}],"version-history":[{"count":1,"href":"https:\/\/2horizontes.com\/index.php?rest_route=\/wp\/v2\/posts\/68649\/revisions"}],"predecessor-version":[{"id":68651,"href":"https:\/\/2horizontes.com\/index.php?rest_route=\/wp\/v2\/posts\/68649\/revisions\/68651"}],"wp:featuredmedia":[{"embeddable":true,"href":"https:\/\/2horizontes.com\/index.php?rest_route=\/wp\/v2\/media\/68650"}],"wp:attachment":[{"href":"https:\/\/2horizontes.com\/index.php?rest_route=%2Fwp%2Fv2%2Fmedia&parent=68649"}],"wp:term":[{"taxonomy":"category","embeddable":true,"href":"https:\/\/2horizontes.com\/index.php?rest_route=%2Fwp%2Fv2%2Fcategories&post=68649"},{"taxonomy":"post_tag","embeddable":true,"href":"https:\/\/2horizontes.com\/index.php?rest_route=%2Fwp%2Fv2%2Ftags&post=68649"}],"curies":[{"name":"wp","href":"https:\/\/api.w.org\/{rel}","templated":true}]}}