{"id":68622,"date":"2019-02-12T15:33:36","date_gmt":"2019-02-12T14:33:36","guid":{"rendered":"http:\/\/2horizontes.com\/?p=68622"},"modified":"2019-02-12T15:33:38","modified_gmt":"2019-02-12T14:33:38","slug":"sergio-soy-de-los-peledeistas-que-bosch-formo-para-servir-no-para-robar","status":"publish","type":"post","link":"https:\/\/2horizontes.com\/?p=68622","title":{"rendered":"Sergio: \u201cSoy de los peledeistas que Bosch form\u00f3 para servir, no para robar\u201d"},"content":{"rendered":"\n<p>SANTO DOMINGO, Rep\u00fablica Dominicana.- El exdiputado y merenguero, Sergio&nbsp;Vargas, manifest\u00f3 que&nbsp; es de los peledeistas que Juan Bosch form\u00f3 \u201cpara servir no para robar\u201d.<\/p>\n\n\n\n<p>Al participar en el programa P\u00e9gate y Gana con el Pach\u00e1 y respondiendo a preguntas de su conductor, Frederick Mart\u00ednez (el Pach\u00e1) de que si es peledeista en alusi\u00f3n al Partido de la Liberaci\u00f3n Dominicana (PLD).<\/p>\n\n\n\n<p>En ese sentido, Vargas llam\u00f3 \u201cnuevo compa\u00f1ero\u201d al Pach\u00e1, al que que lo acus\u00f3 de hab\u00e9rsela buscado m\u00e1s que muchos miembros del partido oficialista.<\/p>\n\n\n\n<p>\u201cYo quisiera saber qu\u00e9 hiciste t\u00fa para que el PLD cuando \u00e9ramos tres gente hoy llegue al palacio, y te ha buscado m\u00e1s qu\u00e9 medio mill\u00f3n de compa\u00f1eros\u201d, indic\u00f3 el merenguero.A\u00f1adi\u00f3\u00a0 que \u00e9l no pertenece a las corrientes de Danilo Medina y Leonel Fern\u00e1ndez \u201cporque ninguno de los dos me han dado nada. Yo soy del PLD\u201d.<\/p>\n\n\n\n<p>\u201cAqu\u00ed se estipula, en esta sociedad de ahora, que los que est\u00e1n guapos no votan\u00a0 y todos los que votan es porque le dan su cuarto (dinero). As\u00ed que a mi hay que contratarme para votar esta vez. Quien sea que vaya\u201d, manifest\u00f3.<\/p>\n\n\n\n<p>Vargas envi\u00f3 un mensaje a los j\u00f3venes dominicanos inst\u00e1ndoles a sufragar por \u201cprincipios\u201d en los pr\u00f3ximos comicios generales.<\/p>\n\n\n\n<p>\u00a0\u201cJ\u00f3venes repitan conmigo: dominicano en el 20 votemos por principios como dijo Juan Bosch: a la patria se le sirve no se le roba\u201d, dijo. <\/p>\n","protected":false},"excerpt":{"rendered":"<p>SANTO DOMINGO, Rep\u00fablica Dominicana.- El exdiputado y merenguero, Sergio&nbsp;Vargas, manifest\u00f3 que&nbsp; es de los peledeistas que Juan Bosch form\u00f3 \u201cpara servir no para robar\u201d. Al participar en el programa P\u00e9gate y Gana con el Pach\u00e1 y respondiendo a preguntas de su conductor, Frederick Mart\u00ednez (el Pach\u00e1) de que si es peledeista en alusi\u00f3n al Partido [&hellip;]<\/p>\n","protected":false},"author":1,"featured_media":68623,"comment_status":"open","ping_status":"open","sticky":false,"template":"","format":"standard","meta":{"footnotes":""},"categories":[1,43,44],"tags":[],"class_list":["post-68622","post","type-post","status-publish","format-standard","has-post-thumbnail","hentry","category-entretenimiento","category-politica","category-republica-dominicana"],"_links":{"self":[{"href":"https:\/\/2horizontes.com\/index.php?rest_route=\/wp\/v2\/posts\/68622","targetHints":{"allow":["GET"]}}],"collection":[{"href":"https:\/\/2horizontes.com\/index.php?rest_route=\/wp\/v2\/posts"}],"about":[{"href":"https:\/\/2horizontes.com\/index.php?rest_route=\/wp\/v2\/types\/post"}],"author":[{"embeddable":true,"href":"https:\/\/2horizontes.com\/index.php?rest_route=\/wp\/v2\/users\/1"}],"replies":[{"embeddable":true,"href":"https:\/\/2horizontes.com\/index.php?rest_route=%2Fwp%2Fv2%2Fcomments&post=68622"}],"version-history":[{"count":1,"href":"https:\/\/2horizontes.com\/index.php?rest_route=\/wp\/v2\/posts\/68622\/revisions"}],"predecessor-version":[{"id":68624,"href":"https:\/\/2horizontes.com\/index.php?rest_route=\/wp\/v2\/posts\/68622\/revisions\/68624"}],"wp:featuredmedia":[{"embeddable":true,"href":"https:\/\/2horizontes.com\/index.php?rest_route=\/wp\/v2\/media\/68623"}],"wp:attachment":[{"href":"https:\/\/2horizontes.com\/index.php?rest_route=%2Fwp%2Fv2%2Fmedia&parent=68622"}],"wp:term":[{"taxonomy":"category","embeddable":true,"href":"https:\/\/2horizontes.com\/index.php?rest_route=%2Fwp%2Fv2%2Fcategories&post=68622"},{"taxonomy":"post_tag","embeddable":true,"href":"https:\/\/2horizontes.com\/index.php?rest_route=%2Fwp%2Fv2%2Ftags&post=68622"}],"curies":[{"name":"wp","href":"https:\/\/api.w.org\/{rel}","templated":true}]}}