{"id":68615,"date":"2019-02-12T15:15:46","date_gmt":"2019-02-12T14:15:46","guid":{"rendered":"http:\/\/2horizontes.com\/?p=68615"},"modified":"2019-02-12T15:47:02","modified_gmt":"2019-02-12T14:47:02","slug":"la-comunidad-dominicana-en-el-exterior-demanda-que-el-senor-presidente-danilo-medina-interponga-sus-valiosos-oficios-y-cambie-su-representacion-consular-en-espana","status":"publish","type":"post","link":"https:\/\/2horizontes.com\/?p=68615","title":{"rendered":"Valencia Espa\u00f1a: Entidades Dominicanas  en Espa\u00f1a est\u00e1n desamparadas  piden atenci\u00f3n del presidente Medina."},"content":{"rendered":"\n<p>Comunicado.-<\/p>\n\n\n\n<p>Valencia Espa\u00f1a.- Debido a la forma inapropiada de la pol\u00edtica social de los diferentes funcionarios en las distintas ciudades de la madre patria, donde la falta de atenci\u00f3n y apoyo a nuestra di\u00e1spora est\u00e1&nbsp; a la orden del d\u00eda.<\/p>\n\n\n\n<p>Sin tomar en\ncuenta la situaci\u00f3n econ\u00f3mica que sufren&nbsp;\nnuestras comunidades en los momentos actuales de Desempleo &nbsp;debido al alto \u00edndice de paro laboral en\nEspa\u00f1a.&nbsp; M\u00e1s sin embargo los\nfuncionarios&nbsp; consulares contin\u00faan\naumentando la dificultades&nbsp; econ\u00f3micas de\nnuestros ciudadanos cobrando altos precios en los servicios consulares y otros\nque demanda en el exterior, por encimas de los precios estipulado por nuestra\ncanciller\u00edas.<\/p>\n\n\n\n<p>La comunidad\ndominicana residente en Valencia&nbsp; est\u00e1\nsufriendo un colosal abandono en materia tradicional de las actividades\nsociales, patrias y culturales que estaban&nbsp;\nacostumbrados a realizar en nuestra localidad en la gesti\u00f3n consular\nactual hasta la fecha de hoy.<\/p>\n\n\n\n<p>Valencia\npara los dominicanos ha dado un cambio total en la forma que se ha manejado los\nactuales funcionarios consulares entres las fechas de las madres, fiesta de\nindependencia y otras actividades que la comunidad reclama para promover\nnuestro gentilicios, cultura y tradiciones, las cuales brillan por su ausencia.<\/p>\n\n\n\n<p>La falta de colaboraci\u00f3n,\naportaci\u00f3n y tolerancia de dichos funcionarios crean un estado de rechazo de\nnuestra di\u00e1spora a nuestros consulados en Espa\u00f1a.<\/p>\n\n\n\n<p>No sentimos\nindignado por la falta de seriedad de nuestros representantes consulares que\nutilizan las redes sociales en su portal para difundir imagen, actividades y\nactos que nos corresponden con la realidad , ya que nuestra comunidad no\nparticipa en dicha actividades o un c\u00edrculo reducido.<\/p>\n\n\n\n<p>Nosotros los\nrepresentantes comunitarios y sociales, asociaciones nos sentimos preocupados\ncon esta situaci\u00f3n que se nos escapa de las manos, debido al caso omiso de\nnuestro gobierno a estas denuncias que en innumerable ocasiones hemos expresado\npor los diferentes medios de comunicaci\u00f3n y no se ha tomado las medidas a este\nproblema que acontece en la mayor\u00eda de nuestros consulados en Europa.<\/p>\n\n\n\n<p>Donde los\nfuncionarios se sienten por encima de los ciudadanos quienes merecen respeto,\nconsideraci\u00f3n y apoyo.<\/p>\n\n\n\n<p>Por tanto\nsolicitamos del Presidente Danilo Medina su pronta supervisi\u00f3n a estos casos\ndonde no se le est\u00e1 dando el trato a nuestros conciudadanos como prometi\u00f3 en\nsus diferentes campa\u00f1as pol\u00edticas.<\/p>\n\n\n\n<p>Continuar Lo\nque est\u00e1 bien, Corregir lo que est\u00e1 mal y Hacer lo que nunca se Hizo.<\/p>\n\n\n\n<p>Esa fueron\nsus palabras se\u00f1or presidente, pero no es lo que sus CONSULES, est\u00e1n aplicando\nen las diferentes regiones, le est\u00e1n haciendo un da\u00f1o descomunal a usted, al\npartido y a todos los que vivimos en el exterior.<\/p>\n\n\n\n<p>Nosotros los\ndominicanos debemos unirnos para poder alcanzar en esta tierra que nos acoge la\nmayor oportunidad de bienestar, progreso y desarrollo.<\/p>\n\n\n\n<p>Pero de la\n\u00fanica manera posible que podremos alcanzar&nbsp;\neste objetivo com\u00fan &nbsp;es remando\ntodos en un mismo sentido la unidad.<\/p>\n\n\n\n<p>Por ello le solicitamos, Presidente que as\u00ed como usted realiza sus visitas sorpresa, sorprenda este grupo de c\u00f3nsules que no les est\u00e1n representando a la altura.<\/p>\n\n\n\n<p><strong>Atentamente:<\/strong><\/p>\n\n\n\n<p>Jos\u00e9 Rafael Ram\u00edrez\nReynoso <\/p>\n\n\n\n<p><strong>Presidente de la Asociaci\u00f3n de\nDominicanos por el Desarrollo de Valencia.<\/strong><\/p>\n\n\n\n<p>Margarita M\u00e9ndez\nGarc\u00eda <\/p>\n\n\n\n<p><strong>Presidenta de Mujeres en Acci\u00f3n.<\/strong><\/p>\n\n\n\n<p>Jos\u00e9\nMorrillo <\/p>\n\n\n\n<p><strong>Presidente de la Asociaci\u00f3n de\nDominicanos en Teruel.<\/strong><\/p>\n","protected":false},"excerpt":{"rendered":"<p>Comunicado.- Valencia Espa\u00f1a.- Debido a la forma inapropiada de la pol\u00edtica social de los diferentes funcionarios en las distintas ciudades de la madre patria, donde la falta de atenci\u00f3n y apoyo a nuestra di\u00e1spora est\u00e1&nbsp; a la orden del d\u00eda. Sin tomar en cuenta la situaci\u00f3n econ\u00f3mica que sufren&nbsp; nuestras comunidades en los momentos actuales [&hellip;]<\/p>\n","protected":false},"author":1,"featured_media":68616,"comment_status":"open","ping_status":"open","sticky":false,"template":"","format":"standard","meta":{"footnotes":""},"categories":[89,62,46,63,55,54,85,43,53,83],"tags":[],"class_list":["post-68615","post","type-post","status-publish","format-standard","has-post-thumbnail","hentry","category-cronica","category-cultura","category-dominicanos-en-madrid","category-economia","category-educacion","category-emigrantes","category-espana","category-politica","category-provincias","category-reportajes"],"_links":{"self":[{"href":"https:\/\/2horizontes.com\/index.php?rest_route=\/wp\/v2\/posts\/68615","targetHints":{"allow":["GET"]}}],"collection":[{"href":"https:\/\/2horizontes.com\/index.php?rest_route=\/wp\/v2\/posts"}],"about":[{"href":"https:\/\/2horizontes.com\/index.php?rest_route=\/wp\/v2\/types\/post"}],"author":[{"embeddable":true,"href":"https:\/\/2horizontes.com\/index.php?rest_route=\/wp\/v2\/users\/1"}],"replies":[{"embeddable":true,"href":"https:\/\/2horizontes.com\/index.php?rest_route=%2Fwp%2Fv2%2Fcomments&post=68615"}],"version-history":[{"count":4,"href":"https:\/\/2horizontes.com\/index.php?rest_route=\/wp\/v2\/posts\/68615\/revisions"}],"predecessor-version":[{"id":68626,"href":"https:\/\/2horizontes.com\/index.php?rest_route=\/wp\/v2\/posts\/68615\/revisions\/68626"}],"wp:featuredmedia":[{"embeddable":true,"href":"https:\/\/2horizontes.com\/index.php?rest_route=\/wp\/v2\/media\/68616"}],"wp:attachment":[{"href":"https:\/\/2horizontes.com\/index.php?rest_route=%2Fwp%2Fv2%2Fmedia&parent=68615"}],"wp:term":[{"taxonomy":"category","embeddable":true,"href":"https:\/\/2horizontes.com\/index.php?rest_route=%2Fwp%2Fv2%2Fcategories&post=68615"},{"taxonomy":"post_tag","embeddable":true,"href":"https:\/\/2horizontes.com\/index.php?rest_route=%2Fwp%2Fv2%2Ftags&post=68615"}],"curies":[{"name":"wp","href":"https:\/\/api.w.org\/{rel}","templated":true}]}}