{"id":68609,"date":"2019-02-12T14:25:34","date_gmt":"2019-02-12T13:25:34","guid":{"rendered":"http:\/\/2horizontes.com\/?p=68609"},"modified":"2019-02-12T14:28:16","modified_gmt":"2019-02-12T13:28:16","slug":"el-capellan-haitiano-cayo-preso-en-el-2010-con-una-pistola-y-una-cedula-falsa-cuando-se-hacia-pasar-por-coronel-de-la-policia-nacional","status":"publish","type":"post","link":"https:\/\/2horizontes.com\/?p=68609","title":{"rendered":"El Capell\u00e1n haitiano cay\u00f3 preso en el 2010 con una pistola y una c\u00e9dula falsa, cuando se hac\u00eda pasar por Coronel de la Polic\u00eda Nacional"},"content":{"rendered":"\n<p>AEROPUERTO LAS AMERICAS.-Oficiales de la Polic\u00eda detuvieron ayer tarde a un ciudadano haitiano que se hacia pasar como coronel de esa instituci\u00f3n, ocup\u00e1ndole una pistola nueve mil\u00edmetros sin ni ning\u00fan tipo de documentaci\u00f3n.<\/p>\n\n\n\n<p>Bien -Aim\u00e9 Dieubon, fue arrestado en el segundo nivel de esta terminal de Las Am\u00e9ricas, vestido de chaleco negro, con las insignias que lo identificaban como coronel policial, siendo trasladado de inmediato al Palacio de la uniformada.<\/p>\n\n\n\n<p>El falso oficial portaba una pistola marca Smith- An Wesson, nueve mil\u00edmetros, con el n\u00famero Al70360, con un cargador con tres capsulas para dicha arma, seg\u00fan informe suministrado a los periodistas que cubren la fuente de Las Am\u00e9ricas.<\/p>\n\n\n\n<ul class=\"wp-block-gallery columns-1 is-cropped wp-block-gallery-1 is-layout-flex wp-block-gallery-is-layout-flex\"><li class=\"blocks-gallery-item\"><figure><img loading=\"lazy\" decoding=\"async\" width=\"224\" height=\"225\" src=\"http:\/\/2horizontes.com\/wp-content\/uploads\/2019\/02\/images.jpeg\" alt=\"\" data-id=\"68612\" data-link=\"http:\/\/2horizontes.com\/?attachment_id=68612\" class=\"wp-image-68612\" srcset=\"https:\/\/2horizontes.com\/wp-content\/uploads\/2019\/02\/images.jpeg 224w, https:\/\/2horizontes.com\/wp-content\/uploads\/2019\/02\/images-150x150.jpeg 150w\" sizes=\"auto, (max-width: 224px) 100vw, 224px\" \/><\/figure><\/li><\/ul>\n\n\n\n<p>\ufffcEl falso coronel policial fue primero interrogado por varios oficiales que prestan servicios en el aeropuerto de Las Am\u00e9ricas, sobre cuales eran sus prop\u00f3sitos al presentarse a la terminal aeroportuaria haci\u00e9ndose pasar como alto oficial.&nbsp;<\/p>\n\n\n\n<p>Sin embargo, el haitiano Bien-Aim\u00e9 Dieubon, reh\u00faso declarar cuales eran sus pretensiones, siendo posteriormente conducido al Departamento de Investigaciones de Tr\u00e1ficos Ilegal de Armas de Fuego, donde quedo detenido.<\/p>\n\n\n\n<p>El falso coronel de la fue arrestado cuando circulaba por la terminal de B de llegada de los cruceros, donde una comisi\u00f3n de funcionarios de la ONU y otros organismos reciben las ayudas humanitarias internacionales a los haitianos afectados por el terremoto del pasado l2 de enero.<\/p>\n\n\n\n<p>Rehus\u00f3 en todo momento decir las razones por las cuales se hac\u00eda pasar como coronel y sobre cu\u00e1les eran sus pretensiones al circular por la zona por donde llegan las ayudas humanitarias para su pa\u00eds, dijeron informantes.<\/p>\n\n\n\n<p>Adem\u00e1s, portaba un arma ilegal y le fue ocupada la c\u00e9dula de identidad electoral: 00l-l768638-6.<\/p>\n","protected":false},"excerpt":{"rendered":"<p>AEROPUERTO LAS AMERICAS.-Oficiales de la Polic\u00eda detuvieron ayer tarde a un ciudadano haitiano que se hacia pasar como coronel de esa instituci\u00f3n, ocup\u00e1ndole una pistola nueve mil\u00edmetros sin ni ning\u00fan tipo de documentaci\u00f3n. Bien -Aim\u00e9 Dieubon, fue arrestado en el segundo nivel de esta terminal de Las Am\u00e9ricas, vestido de chaleco negro, con las insignias [&hellip;]<\/p>\n","protected":false},"author":22776,"featured_media":68610,"comment_status":"open","ping_status":"open","sticky":false,"template":"","format":"standard","meta":{"footnotes":""},"categories":[44],"tags":[],"class_list":["post-68609","post","type-post","status-publish","format-standard","has-post-thumbnail","hentry","category-republica-dominicana"],"_links":{"self":[{"href":"https:\/\/2horizontes.com\/index.php?rest_route=\/wp\/v2\/posts\/68609","targetHints":{"allow":["GET"]}}],"collection":[{"href":"https:\/\/2horizontes.com\/index.php?rest_route=\/wp\/v2\/posts"}],"about":[{"href":"https:\/\/2horizontes.com\/index.php?rest_route=\/wp\/v2\/types\/post"}],"author":[{"embeddable":true,"href":"https:\/\/2horizontes.com\/index.php?rest_route=\/wp\/v2\/users\/22776"}],"replies":[{"embeddable":true,"href":"https:\/\/2horizontes.com\/index.php?rest_route=%2Fwp%2Fv2%2Fcomments&post=68609"}],"version-history":[{"count":2,"href":"https:\/\/2horizontes.com\/index.php?rest_route=\/wp\/v2\/posts\/68609\/revisions"}],"predecessor-version":[{"id":68613,"href":"https:\/\/2horizontes.com\/index.php?rest_route=\/wp\/v2\/posts\/68609\/revisions\/68613"}],"wp:featuredmedia":[{"embeddable":true,"href":"https:\/\/2horizontes.com\/index.php?rest_route=\/wp\/v2\/media\/68610"}],"wp:attachment":[{"href":"https:\/\/2horizontes.com\/index.php?rest_route=%2Fwp%2Fv2%2Fmedia&parent=68609"}],"wp:term":[{"taxonomy":"category","embeddable":true,"href":"https:\/\/2horizontes.com\/index.php?rest_route=%2Fwp%2Fv2%2Fcategories&post=68609"},{"taxonomy":"post_tag","embeddable":true,"href":"https:\/\/2horizontes.com\/index.php?rest_route=%2Fwp%2Fv2%2Ftags&post=68609"}],"curies":[{"name":"wp","href":"https:\/\/api.w.org\/{rel}","templated":true}]}}