{"id":68530,"date":"2019-02-05T15:34:02","date_gmt":"2019-02-05T14:34:02","guid":{"rendered":"http:\/\/2horizontes.com\/?p=68530"},"modified":"2019-02-05T15:52:55","modified_gmt":"2019-02-05T14:52:55","slug":"dominicano-de-30-anos-muere-atropellado-en-madrid-despues-de-caer-de-su-moto","status":"publish","type":"post","link":"https:\/\/2horizontes.com\/?p=68530","title":{"rendered":"Dominicano de 30 a\u00f1os muere atropellado en Madrid despu\u00e9s de caer de su moto."},"content":{"rendered":"\n<p> El joven perdi\u00f3 el control de su moto y cay\u00f3 a la calzada donde fue atropellado por un turismo. Los efectivos de emergencia solo pudieron certificar su muerte. <\/p>\n\n\n\n<p>Un motorista de 30 a\u00f1os ha fallecido este domingo a las 22.00 horas despu\u00e9s de&nbsp;perder el control de la moto&nbsp;y ser atropellado por un turismo en la calle Francisco Silvela de<strong>&nbsp;Madrid.<\/strong><\/p>\n\n\n\n<p>Al lugar del accidente se han desplazado efectivos del Samur, Polic\u00eda Nacional y Polic\u00eda Municipal. Los efectivos sanitarios solo han podido certificar el&nbsp;fallecimiento del motorista, que presentaba lesiones irreversibles.<\/p>\n\n\n\n<p>Los<strong>&nbsp;familiares de la v\u00edctima<\/strong>&nbsp;han tenido que ser atendidos por psic\u00f3logos y la Polic\u00eda Municipal se ha hecho cargo de la investigaci\u00f3n de los hechos.<\/p>\n","protected":false},"excerpt":{"rendered":"<p>El joven perdi\u00f3 el control de su moto y cay\u00f3 a la calzada donde fue atropellado por un turismo. Los efectivos de emergencia solo pudieron certificar su muerte. Un motorista de 30 a\u00f1os ha fallecido este domingo a las 22.00 horas despu\u00e9s de&nbsp;perder el control de la moto&nbsp;y ser atropellado por un turismo en la [&hellip;]<\/p>\n","protected":false},"author":4,"featured_media":68544,"comment_status":"open","ping_status":"open","sticky":false,"template":"","format":"standard","meta":{"footnotes":""},"categories":[46],"tags":[],"class_list":["post-68530","post","type-post","status-publish","format-standard","has-post-thumbnail","hentry","category-dominicanos-en-madrid"],"_links":{"self":[{"href":"https:\/\/2horizontes.com\/index.php?rest_route=\/wp\/v2\/posts\/68530","targetHints":{"allow":["GET"]}}],"collection":[{"href":"https:\/\/2horizontes.com\/index.php?rest_route=\/wp\/v2\/posts"}],"about":[{"href":"https:\/\/2horizontes.com\/index.php?rest_route=\/wp\/v2\/types\/post"}],"author":[{"embeddable":true,"href":"https:\/\/2horizontes.com\/index.php?rest_route=\/wp\/v2\/users\/4"}],"replies":[{"embeddable":true,"href":"https:\/\/2horizontes.com\/index.php?rest_route=%2Fwp%2Fv2%2Fcomments&post=68530"}],"version-history":[{"count":3,"href":"https:\/\/2horizontes.com\/index.php?rest_route=\/wp\/v2\/posts\/68530\/revisions"}],"predecessor-version":[{"id":68537,"href":"https:\/\/2horizontes.com\/index.php?rest_route=\/wp\/v2\/posts\/68530\/revisions\/68537"}],"wp:featuredmedia":[{"embeddable":true,"href":"https:\/\/2horizontes.com\/index.php?rest_route=\/wp\/v2\/media\/68544"}],"wp:attachment":[{"href":"https:\/\/2horizontes.com\/index.php?rest_route=%2Fwp%2Fv2%2Fmedia&parent=68530"}],"wp:term":[{"taxonomy":"category","embeddable":true,"href":"https:\/\/2horizontes.com\/index.php?rest_route=%2Fwp%2Fv2%2Fcategories&post=68530"},{"taxonomy":"post_tag","embeddable":true,"href":"https:\/\/2horizontes.com\/index.php?rest_route=%2Fwp%2Fv2%2Ftags&post=68530"}],"curies":[{"name":"wp","href":"https:\/\/api.w.org\/{rel}","templated":true}]}}