{"id":68522,"date":"2019-02-04T15:57:16","date_gmt":"2019-02-04T14:57:16","guid":{"rendered":"http:\/\/2horizontes.com\/?p=68522"},"modified":"2019-02-04T16:00:30","modified_gmt":"2019-02-04T15:00:30","slug":"temblor-5-8-grados-se-siente-en-zonas-del-este-en-rd","status":"publish","type":"post","link":"https:\/\/2horizontes.com\/?p=68522","title":{"rendered":"Temblor 5.8 grados se siente en zonas del Este en RD"},"content":{"rendered":"\n<p>SANTO DOMINGO.- Un temblor de tierra de 5.8 grados se registr\u00f3 este lunes a las 10:33 de la ma\u00f1ana con epicentro 135 kil\u00f3metros al sur-sureste de Punta Cana, en el Este de la Rep\u00fablica Dominicana.<\/p>\n\n\n\n<p>El Servicio Sismol\u00f3gico de los Estados Unidos report\u00f3 que dicho epicentro estuvo a 94 kil\u00f3metros de profundidad.<\/p>\n\n\n\n<p>Se sinti\u00f3 en distintas localidades de la regi\u00f3n Este e incluso tambi\u00e9n en la capital del pa\u00eds, Santo Domingo.<\/p>\n\n\n\n\n\n<p>Hasta el momento no ha habido reportes de da\u00f1os ni de v\u00edctima.<\/p>\n","protected":false},"excerpt":{"rendered":"<p>SANTO DOMINGO.- Un temblor de tierra de 5.8 grados se registr\u00f3 este lunes a las 10:33 de la ma\u00f1ana con epicentro 135 kil\u00f3metros al sur-sureste de Punta Cana, en el Este de la Rep\u00fablica Dominicana. El Servicio Sismol\u00f3gico de los Estados Unidos report\u00f3 que dicho epicentro estuvo a 94 kil\u00f3metros de profundidad. Se sinti\u00f3 en [&hellip;]<\/p>\n","protected":false},"author":4,"featured_media":68523,"comment_status":"open","ping_status":"open","sticky":false,"template":"","format":"standard","meta":{"footnotes":""},"categories":[53,44],"tags":[],"class_list":["post-68522","post","type-post","status-publish","format-standard","has-post-thumbnail","hentry","category-provincias","category-republica-dominicana"],"_links":{"self":[{"href":"https:\/\/2horizontes.com\/index.php?rest_route=\/wp\/v2\/posts\/68522","targetHints":{"allow":["GET"]}}],"collection":[{"href":"https:\/\/2horizontes.com\/index.php?rest_route=\/wp\/v2\/posts"}],"about":[{"href":"https:\/\/2horizontes.com\/index.php?rest_route=\/wp\/v2\/types\/post"}],"author":[{"embeddable":true,"href":"https:\/\/2horizontes.com\/index.php?rest_route=\/wp\/v2\/users\/4"}],"replies":[{"embeddable":true,"href":"https:\/\/2horizontes.com\/index.php?rest_route=%2Fwp%2Fv2%2Fcomments&post=68522"}],"version-history":[{"count":2,"href":"https:\/\/2horizontes.com\/index.php?rest_route=\/wp\/v2\/posts\/68522\/revisions"}],"predecessor-version":[{"id":68526,"href":"https:\/\/2horizontes.com\/index.php?rest_route=\/wp\/v2\/posts\/68522\/revisions\/68526"}],"wp:featuredmedia":[{"embeddable":true,"href":"https:\/\/2horizontes.com\/index.php?rest_route=\/wp\/v2\/media\/68523"}],"wp:attachment":[{"href":"https:\/\/2horizontes.com\/index.php?rest_route=%2Fwp%2Fv2%2Fmedia&parent=68522"}],"wp:term":[{"taxonomy":"category","embeddable":true,"href":"https:\/\/2horizontes.com\/index.php?rest_route=%2Fwp%2Fv2%2Fcategories&post=68522"},{"taxonomy":"post_tag","embeddable":true,"href":"https:\/\/2horizontes.com\/index.php?rest_route=%2Fwp%2Fv2%2Ftags&post=68522"}],"curies":[{"name":"wp","href":"https:\/\/api.w.org\/{rel}","templated":true}]}}