{"id":68502,"date":"2019-02-01T15:38:47","date_gmt":"2019-02-01T14:38:47","guid":{"rendered":"http:\/\/2horizontes.com\/?p=68502"},"modified":"2019-02-01T16:21:40","modified_gmt":"2019-02-01T15:21:40","slug":"premian-programa-radial-cobertura-europea-de-dominicana-en-madrid","status":"publish","type":"post","link":"https:\/\/2horizontes.com\/?p=68502","title":{"rendered":"Premian programa radial Cobertura Europea de dominicana en Madrid."},"content":{"rendered":"\n<p>Premios el cotilleo\nreconoce c\u00f3mo programa especializado 2018-2019 Cobertura Europea &nbsp;de dominicana radicada en Madrid &nbsp;Carmen Ram\u00edrez, junto a su equipo de locutores\ncolombianos Jes\u00fas Alfonso Valega &nbsp;y Mar\u00eda\nAlejandra Valega.<\/p>\n\n\n\n<p>Cobertura Europea\nes un programa informativo el cual lleva m\u00e1s de 6 a\u00f1os en el aire y actualmente\nse transmite atreves de la emisora Coraz\u00f3n Tropical 102.1 Fm en &nbsp;Madrid &nbsp;Espa\u00f1a.\n<\/p>\n\n\n\n<p>La finalidad de estos premios celebrados por la comunicadora colombiana Sandra Perdomo, quien expreso que lleva m\u00e1s de 5 a\u00f1os &nbsp;reconociendo el buen trabajo en base&nbsp; al sacrificio y disciplina en la comunicaci\u00f3n del latino en horizontes Europeo. <\/p>\n\n\n\n<p>La periodista Carmen Ram\u00edrez, dedico el reconocimiento\u00a0 a todos los dominicanos residentes en el exterior y el mensaje fue que la uni\u00f3n hace la fuerza que debemos mantenernos m\u00e1s unidos fuera de nuestra part\u00eda al igual que otros extranjeros. <\/p>\n\n\n\n<figure class=\"wp-block-embed-youtube wp-block-embed is-type-video is-provider-youtube wp-embed-aspect-4-3 wp-has-aspect-ratio\"><div class=\"wp-block-embed__wrapper\">\n<iframe loading=\"lazy\" width=\"960\" height=\"720\" src=\"https:\/\/www.youtube.com\/embed\/iXmCn1gNlqA?feature=oembed\" frameborder=\"0\" allow=\"accelerometer; autoplay; encrypted-media; gyroscope; picture-in-picture\" allowfullscreen><\/iframe>\n<\/div><\/figure>\n\n\n\n<p><\/p>\n","protected":false},"excerpt":{"rendered":"<p>Premios el cotilleo reconoce c\u00f3mo programa especializado 2018-2019 Cobertura Europea &nbsp;de dominicana radicada en Madrid &nbsp;Carmen Ram\u00edrez, junto a su equipo de locutores colombianos Jes\u00fas Alfonso Valega &nbsp;y Mar\u00eda Alejandra Valega. Cobertura Europea es un programa informativo el cual lleva m\u00e1s de 6 a\u00f1os en el aire y actualmente se transmite atreves de la emisora [&hellip;]<\/p>\n","protected":false},"author":1,"featured_media":68516,"comment_status":"open","ping_status":"open","sticky":false,"template":"","format":"standard","meta":{"footnotes":""},"categories":[46,1,85,83],"tags":[],"class_list":["post-68502","post","type-post","status-publish","format-standard","has-post-thumbnail","hentry","category-dominicanos-en-madrid","category-entretenimiento","category-espana","category-reportajes"],"_links":{"self":[{"href":"https:\/\/2horizontes.com\/index.php?rest_route=\/wp\/v2\/posts\/68502","targetHints":{"allow":["GET"]}}],"collection":[{"href":"https:\/\/2horizontes.com\/index.php?rest_route=\/wp\/v2\/posts"}],"about":[{"href":"https:\/\/2horizontes.com\/index.php?rest_route=\/wp\/v2\/types\/post"}],"author":[{"embeddable":true,"href":"https:\/\/2horizontes.com\/index.php?rest_route=\/wp\/v2\/users\/1"}],"replies":[{"embeddable":true,"href":"https:\/\/2horizontes.com\/index.php?rest_route=%2Fwp%2Fv2%2Fcomments&post=68502"}],"version-history":[{"count":3,"href":"https:\/\/2horizontes.com\/index.php?rest_route=\/wp\/v2\/posts\/68502\/revisions"}],"predecessor-version":[{"id":68518,"href":"https:\/\/2horizontes.com\/index.php?rest_route=\/wp\/v2\/posts\/68502\/revisions\/68518"}],"wp:featuredmedia":[{"embeddable":true,"href":"https:\/\/2horizontes.com\/index.php?rest_route=\/wp\/v2\/media\/68516"}],"wp:attachment":[{"href":"https:\/\/2horizontes.com\/index.php?rest_route=%2Fwp%2Fv2%2Fmedia&parent=68502"}],"wp:term":[{"taxonomy":"category","embeddable":true,"href":"https:\/\/2horizontes.com\/index.php?rest_route=%2Fwp%2Fv2%2Fcategories&post=68502"},{"taxonomy":"post_tag","embeddable":true,"href":"https:\/\/2horizontes.com\/index.php?rest_route=%2Fwp%2Fv2%2Ftags&post=68502"}],"curies":[{"name":"wp","href":"https:\/\/api.w.org\/{rel}","templated":true}]}}