{"id":68475,"date":"2019-01-29T16:18:52","date_gmt":"2019-01-29T15:18:52","guid":{"rendered":"http:\/\/2horizontes.com\/?p=68475"},"modified":"2019-01-29T16:18:54","modified_gmt":"2019-01-29T15:18:54","slug":"fallece-el-bachatero-dominicano-yoskar-sarante-en-hospital-de-estados-unidos","status":"publish","type":"post","link":"https:\/\/2horizontes.com\/?p=68475","title":{"rendered":"Fallece el bachatero dominicano Yoskar Sarante en hospital de Estados Unidos"},"content":{"rendered":"\n<p>SANTO DOMINGO.- Falleci\u00f3 este lunes en la noche en un hospital de la ciudad de Orlando, Estados Unidos, el bachatero dominicano Yoskar Sarante a causa de una fibrosis pulmonar, inform\u00f3 su manager, Mart\u00edn Alc\u00e1ntara.<\/p>\n\n\n\n<p>\u201cEstamos pasando por un momento muy dif\u00edcil y doloroso como familia. Mi papi se encuentra en un estado muy delicado de salud donde su esperanza de vida es muy bajita (seg\u00fan los doctores)\u201d,&nbsp; dijo, de su lado, Darling Sarante.&nbsp; hijo del artista a trav\u00e9s de su cuenta de Instagram.<\/p>\n\n\n\n<p>Entre los temas populares del artista figuran \u201cVas a llorar\u201d, \u201cLlora alma m\u00eda\u201d, \u201cGuitarra\u201d, \u201cGuerra de amor\u201d, \u201cPor una mentira\u201d, \u201cNo es casualidad\u201d, \u201cPerdido\u201d, \u201cPerd\u00f3name\u201d, \u201cNo tengo suerte en el amor\u201d, \u201cPor una mentira\u201d, \u201cEl amor es libre\u201d, \u201cHe tenido que llorar\u201d, \u201cProh\u00edbeme\u201d, \u201cGuerra de amor\u201d, \u201cTres veces\u201d, \u201cCon las alas rotas\u201d, bajo el sello de J&amp;N Records.<\/p>\n\n\n\n\n\n<p>Desde que se dio a conocer la muerte de Sarante, varios artistas y figuras p\u00fablicas expresaron su pesar.<\/p>\n\n\n\n<p>\u201cSe apag\u00f3 una estrella! Paz a su alma\u2026 Mis condolencias a sus familiares.\u00a0#elprabu\u00a0#VeConDios\u201d, escribi\u00f3 el Salsero Alex Matos.<\/p>\n\n\n\n<p>\u201cUna pena enterarnos del fallecimiento del Bachatero @YoskarSarante quien ven\u00eda sufriendo de una fibrosis pulmonar y llevaba varias semanas ingresado en un hospital de la Ciudad de Orlando, en el estado de Florida, Estados Unidos. Paz a su Alma. Descansa en Paz\u201d, dijo V\u00edctor G\u00f3mez Casanova.<\/p>\n\n\n\n<p>De su lado, el bachatero Prince Roy public\u00f3: \u201cTriste con la noticia del fallecimiento de Yoskar Sarante\u2026uno de los grandes exponentes de la bachata. Que en paz descanse. Su m\u00fasica y legado vivir\u00e1n por siempre. Mis condolencias a su familia\u201d.<\/p>\n\n\n\n<p>Odalis S\u00e1nchez dijo: El arte dominicano y el g\u00e9nero de la bachata pasa desde la noche de este lunes por un gran pesar, tras conocerse el fallecimiento de uno de sus mejores exponentes, Yoskar Sarante, quien muri\u00f3 en un hospital de Orlando, Florida, Estados Unidos, a causa de una fibrosis pulmonar.<\/p>\n\n\n\n<figure><iframe loading=\"lazy\" width=\"500\" height=\"281\" src=\"https:\/\/www.youtube.com\/embed\/4ZzIBzBHV6s?feature=oembed\" allowfullscreen=\"\"><\/iframe><\/figure>\n\n\n\n<figure><iframe width=\"468\" height=\"60\" allowfullscreen=\"true\"><\/iframe><\/figure>\n\n\n\n<p>C<\/p>\n","protected":false},"excerpt":{"rendered":"<p>SANTO DOMINGO.- Falleci\u00f3 este lunes en la noche en un hospital de la ciudad de Orlando, Estados Unidos, el bachatero dominicano Yoskar Sarante a causa de una fibrosis pulmonar, inform\u00f3 su manager, Mart\u00edn Alc\u00e1ntara. \u201cEstamos pasando por un momento muy dif\u00edcil y doloroso como familia. Mi papi se encuentra en un estado muy delicado de [&hellip;]<\/p>\n","protected":false},"author":1,"featured_media":68476,"comment_status":"open","ping_status":"open","sticky":true,"template":"","format":"standard","meta":{"footnotes":""},"categories":[1,56,45],"tags":[],"class_list":["post-68475","post","type-post","status-publish","format-standard","has-post-thumbnail","hentry","category-entretenimiento","category-notas-luctuosas","category-salud"],"_links":{"self":[{"href":"https:\/\/2horizontes.com\/index.php?rest_route=\/wp\/v2\/posts\/68475","targetHints":{"allow":["GET"]}}],"collection":[{"href":"https:\/\/2horizontes.com\/index.php?rest_route=\/wp\/v2\/posts"}],"about":[{"href":"https:\/\/2horizontes.com\/index.php?rest_route=\/wp\/v2\/types\/post"}],"author":[{"embeddable":true,"href":"https:\/\/2horizontes.com\/index.php?rest_route=\/wp\/v2\/users\/1"}],"replies":[{"embeddable":true,"href":"https:\/\/2horizontes.com\/index.php?rest_route=%2Fwp%2Fv2%2Fcomments&post=68475"}],"version-history":[{"count":1,"href":"https:\/\/2horizontes.com\/index.php?rest_route=\/wp\/v2\/posts\/68475\/revisions"}],"predecessor-version":[{"id":68477,"href":"https:\/\/2horizontes.com\/index.php?rest_route=\/wp\/v2\/posts\/68475\/revisions\/68477"}],"wp:featuredmedia":[{"embeddable":true,"href":"https:\/\/2horizontes.com\/index.php?rest_route=\/wp\/v2\/media\/68476"}],"wp:attachment":[{"href":"https:\/\/2horizontes.com\/index.php?rest_route=%2Fwp%2Fv2%2Fmedia&parent=68475"}],"wp:term":[{"taxonomy":"category","embeddable":true,"href":"https:\/\/2horizontes.com\/index.php?rest_route=%2Fwp%2Fv2%2Fcategories&post=68475"},{"taxonomy":"post_tag","embeddable":true,"href":"https:\/\/2horizontes.com\/index.php?rest_route=%2Fwp%2Fv2%2Ftags&post=68475"}],"curies":[{"name":"wp","href":"https:\/\/api.w.org\/{rel}","templated":true}]}}