{"id":68466,"date":"2019-01-28T12:17:53","date_gmt":"2019-01-28T11:17:53","guid":{"rendered":"http:\/\/2horizontes.com\/?p=68466"},"modified":"2019-01-28T12:17:55","modified_gmt":"2019-01-28T11:17:55","slug":"quitan-a-venezuela-sede-de-serie-del-caribe-la-asignarian-a-r-dominicana","status":"publish","type":"post","link":"https:\/\/2horizontes.com\/?p=68466","title":{"rendered":"Quitan a Venezuela sede de Serie del Caribe; la asignar\u00edan a R.Dominicana"},"content":{"rendered":"\n<p>SANTO DOMINGO.- Es muy probable que a la Rep\u00fablica Dominicana le sea otorgada este lunes la sede de la Serie del Caribe 2019.<\/p>\n\n\n\n<p>La posibilidad surge luego que la Confederaci\u00f3n de B\u00e9isbol Profesional del Caribe (CBPC) anunciara &nbsp;el domingo oficialmente su decisi\u00f3n irrevocable de retirar dicha sede a la ciudad de Barquisimeto, Venezuela, debido a los problemas que afectan a este \u00faltimo pa\u00eds.<\/p>\n\n\n\n<p>La fecha del evento ha sido cambiada. Ahora se realizar\u00eda del 4 al 9 de febrero con la participaci\u00f3n de los campeones del b\u00e9isbol invernal de Cuba, M\u00e9xico, Puerto Rico, Rep\u00fablica Dominicana y Venezuela.<\/p>\n\n\n\n\n\n<p>En el proceso de asignaci\u00f3n de la nueva sede se barajan, adem\u00e1s de la Rep\u00fablica Dominicana, los nombres de M\u00e9xico, Colombia y Panam\u00e1<\/p>\n\n\n\n<p>Medios de prensa resaltan que por primera vez en su historia de siete d\u00e9cadas, la Serie del Caribe cambia de sede una semana antes de su arranque. El a\u00f1o pasado, cuando tambi\u00e9n estaba se\u00f1alada para jugarse en Barquisimeto, el torneo tuvo que ser mudado a Guadalajara, M\u00e9xico, pero la decisi\u00f3n se tom\u00f3 con varios meses de antelaci\u00f3n.<\/p>\n\n\n\n<p>sp-am<\/p>\n","protected":false},"excerpt":{"rendered":"<p>SANTO DOMINGO.- Es muy probable que a la Rep\u00fablica Dominicana le sea otorgada este lunes la sede de la Serie del Caribe 2019. La posibilidad surge luego que la Confederaci\u00f3n de B\u00e9isbol Profesional del Caribe (CBPC) anunciara &nbsp;el domingo oficialmente su decisi\u00f3n irrevocable de retirar dicha sede a la ciudad de Barquisimeto, Venezuela, debido a [&hellip;]<\/p>\n","protected":false},"author":1,"featured_media":68468,"comment_status":"open","ping_status":"open","sticky":false,"template":"","format":"standard","meta":{"footnotes":""},"categories":[42,44,48],"tags":[],"class_list":["post-68466","post","type-post","status-publish","format-standard","has-post-thumbnail","hentry","category-deportes","category-republica-dominicana","category-venezuela"],"_links":{"self":[{"href":"https:\/\/2horizontes.com\/index.php?rest_route=\/wp\/v2\/posts\/68466","targetHints":{"allow":["GET"]}}],"collection":[{"href":"https:\/\/2horizontes.com\/index.php?rest_route=\/wp\/v2\/posts"}],"about":[{"href":"https:\/\/2horizontes.com\/index.php?rest_route=\/wp\/v2\/types\/post"}],"author":[{"embeddable":true,"href":"https:\/\/2horizontes.com\/index.php?rest_route=\/wp\/v2\/users\/1"}],"replies":[{"embeddable":true,"href":"https:\/\/2horizontes.com\/index.php?rest_route=%2Fwp%2Fv2%2Fcomments&post=68466"}],"version-history":[{"count":1,"href":"https:\/\/2horizontes.com\/index.php?rest_route=\/wp\/v2\/posts\/68466\/revisions"}],"predecessor-version":[{"id":68467,"href":"https:\/\/2horizontes.com\/index.php?rest_route=\/wp\/v2\/posts\/68466\/revisions\/68467"}],"wp:featuredmedia":[{"embeddable":true,"href":"https:\/\/2horizontes.com\/index.php?rest_route=\/wp\/v2\/media\/68468"}],"wp:attachment":[{"href":"https:\/\/2horizontes.com\/index.php?rest_route=%2Fwp%2Fv2%2Fmedia&parent=68466"}],"wp:term":[{"taxonomy":"category","embeddable":true,"href":"https:\/\/2horizontes.com\/index.php?rest_route=%2Fwp%2Fv2%2Fcategories&post=68466"},{"taxonomy":"post_tag","embeddable":true,"href":"https:\/\/2horizontes.com\/index.php?rest_route=%2Fwp%2Fv2%2Ftags&post=68466"}],"curies":[{"name":"wp","href":"https:\/\/api.w.org\/{rel}","templated":true}]}}