{"id":68455,"date":"2019-01-28T11:41:13","date_gmt":"2019-01-28T10:41:13","guid":{"rendered":"http:\/\/2horizontes.com\/?p=68455"},"modified":"2019-01-28T11:45:48","modified_gmt":"2019-01-28T10:45:48","slug":"la-investigacion-apunta-a-que-julen-murio-en-la-caida-al-fondo-del-pozo","status":"publish","type":"post","link":"https:\/\/2horizontes.com\/?p=68455","title":{"rendered":"La investigaci\u00f3n apunta a que Julen muri\u00f3 en la ca\u00edda al fondo del pozo"},"content":{"rendered":"\n<p> Trece d\u00edas de labores de rescate terminaron en la madrugada del s\u00e1bado cuando dos mineros y&nbsp;un guardia civil de monta\u00f1a recuperaron el cad\u00e1ver de Julen&nbsp;del pozo de Total\u00e1n (M\u00e1laga). Tras la autopsia realizada al cuerpo del ni\u00f1o de dos a\u00f1os, las primeras hip\u00f3tesis apuntan que Julen, que presentaba numerosos traumatismos,&nbsp;falleci\u00f3 en la ca\u00edda al fondo del pozo, el mismo d\u00eda en el que cay\u00f3 al pozo ilegal. Ahora se activan las investigaciones para esclarecer lo ocurrido y depurar posibles responsabilidades. <\/p>\n\n\n\n<p>Ha sido una carrera de obst\u00e1culos, los que la monta\u00f1a nos pon\u00eda<em>\u201d.<\/em>&nbsp;As\u00ed describi\u00f3 el delegado del Gobierno en Andaluc\u00eda,&nbsp;Alfonso Rodr\u00edguez G\u00f3mez de Celis, las arduas labores de rescate desarrolladas durante 13 d\u00edas&nbsp;y que acabaron con el tr\u00e1gico hallazgo del cuerpo sin vida de Julen, el peque\u00f1o de dos a\u00f1os y medio que cay\u00f3 a un pozo ilegal en Total\u00e1n (M\u00e1laga) el pasado d\u00eda 13. En su comparecencia, G\u00f3mez de Celis se\u00f1al\u00f3 que el cad\u00e1ver fue encontrado a una profundidad de 71 metros, ya que la perforaci\u00f3n original de 110 metros hab\u00eda sido rellenada.<\/p>\n\n\n\n<p>La autopsia al menor comenz\u00f3 el s\u00e1bado en el Instituto de Medicina Legal y fue practicada por cinco forenses. Fuentes pr\u00f3ximas a la investigaci\u00f3n se\u00f1alan que el cuerpo de Julen presenta m\u00faltiples contusiones visibles fruto, seg\u00fan las primeras hip\u00f3tesis, de los impactos con las paredes del t\u00fanel en su ca\u00edda, informa&nbsp;<strong>\u00d3scar L\u00f3pez-Fonseca<\/strong>. El peque\u00f1o cay\u00f3 de pie y,&nbsp;como consecuencia de un acto reflejo, con los brazos hacia arriba.&nbsp;Tras el examen, los restos mortales del ni\u00f1o fueron trasladados sobre las cuatro de la tarde hasta el tanatorio de El Palo, barriada de la ciudad de M\u00e1laga en la que reside la familia.<\/p>\n\n\n\n<p>Los enormes esfuerzos de los equipos de rescate se desvanecieron cuando, a la 1.25 del s\u00e1bado, dos mineros y un guardia civil de monta\u00f1a encontraron el cad\u00e1ver del peque\u00f1o en el pozo. Minutos despu\u00e9s, la Guardia Civil se lo comunic\u00f3 a los padres del ni\u00f1o, Jos\u00e9 Rosell\u00f3 y Victoria Garc\u00eda. \u201cTodo el dise\u00f1o de la operaci\u00f3n, que se realiz\u00f3 de manera urgente, y todos los trabajos que se han acometido estaban basados en una tesis: que Julen estaba en el pozo, que estaba en la cota donde ha sido encontrado. Se ha trabajado con urgencia, pero con mucha delicadeza\u201d, explic\u00f3 G\u00f3mez de Celis.<\/p>\n\n\n\n<p>Este trabajo de precisi\u00f3n qued\u00f3 muy patente en las dos \u00faltimas&nbsp;microvoladuras&nbsp;realizadas para romper la roca y llegar al peque\u00f1o. Como explic\u00f3 el delegado del Gobierno, la cercan\u00eda a Julen obligaba a extremar las precauciones. \u201cSe trataba de llegar sin causarle da\u00f1o\u201d, a\u00f1adi\u00f3. Tras la activaci\u00f3n de la comisi\u00f3n judicial, el cuerpo del peque\u00f1o fue levantado a las cuatro de la madrugada del s\u00e1bado.<\/p>\n\n\n\n<p>Tal y como puntualiz\u00f3 el ministro del Interior,&nbsp;Fernando Grande-Marlaska, una vez localizado el menor, \u201cahora se inicia la investigaci\u00f3n\u201d para determinar las causas del \u201ctr\u00e1gico suceso\u201d. Julen cay\u00f3 en un pozo que carece de los permisos auton\u00f3micos y municipales pertinentes, cuando la familia estaba en la finca de un familiar en Total\u00e1n donde iban a preparar una paella. El ni\u00f1o se precipit\u00f3 por el agujero de aproximadamente 25 cent\u00edmetros de di\u00e1metro y 110 metros de profundidad, pero que estaba rellenado hasta los 71 metros, como precis\u00f3 G\u00f3mez de Celis.<\/p>\n\n\n\n<p>Entre las diversas inc\u00f3gnitas que ni G\u00f3mez de Celis ni Grande-Marlaska despejaron en sus comparecencias p\u00fablicas se encuentra el origen del \u201ctap\u00f3n\u201d de tierra encontrado en el pozo y que dificult\u00f3 las tareas de rescate al obligar a buscar la alternativa que, finalmente, les llev\u00f3 hasta el ni\u00f1o. \u201cExisten diversas teor\u00edas, pero todav\u00eda no hay ninguna certeza\u201d, precis\u00f3 el responsable andaluz. \u201cUna de las tesis m\u00e1s probables es que, en la propia ca\u00edda, la tierra se fuera desprendiendo procedente de las paredes del pozo, muy imperfectas, muy arenosas\u201d, explic\u00f3 G\u00f3mez de Celis, quien a\u00f1adi\u00f3 que la investigaci\u00f3n sobre las posibles responsabilidades en la muerte del peque\u00f1o queda en manos de la justicia.<\/p>\n\n\n\n<p>En este sentido, el ministro se\u00f1al\u00f3 que no hay elementos \u201csuficientes contrastados\u201d para determinar si hubo negligencia. La titular del Juzgado de Instrucci\u00f3n 9 de&nbsp;M\u00e1laga&nbsp;abri\u00f3 diligencias el pasado martes y tom\u00f3 declaraci\u00f3n tanto a los padres como al due\u00f1o de la finca y a la persona que hizo la perforaci\u00f3n.<\/p>\n\n\n\n<p>Desde la tarde de ese domingo, los equipos de rescate han trabajado sin descanso para encontrar a Julen durante casi dos semanas. Los trabajos han movilizado 85.000 toneladas de tierra. Los miembros de la Brigada de Salvamento Minero abrieron una galer\u00eda para acceder a la perforaci\u00f3n en la que hab\u00eda ca\u00eddo el peque\u00f1o desde un pozo auxiliar que cost\u00f3 mucho esfuerzo horadar&nbsp;<a href=\"https:\/\/elpais.com\/politica\/2019\/01\/26\/actualidad\/1548495547_716111.html\">por las dificultades del terreno. Para que pudieran cavar el t\u00fanel horizontal<\/a>&nbsp;que les ha llevado hasta donde estaba Julen, los participantes en el rescate tuvieron que superar numerosos obst\u00e1culos y tomar grandes medidas de seguridad. Estos trabajos comenzaron el pasado jueves y han durado cerca de 32 horas.<\/p>\n\n\n\n<h3 class=\"wp-block-heading\">\u201cIngenier\u00eda humanitaria\u201d<\/h3>\n\n\n\n<p>G\u00f3mez de Celis calific\u00f3 el rescate como una \u201cmisi\u00f3n colosal\u201d y \u201csin precedentes\u201d y el ministro, como \u201cuna labor de ingenier\u00eda humanitaria\u201d ante las dificultades que presentaban la orograf\u00eda del lugar y los materiales que componen el suelo para llegar hasta donde se ubicaba el cuerpo del menor. Esa dureza del terreno fue destacada tambi\u00e9n por dos de los ocho mineros que participaron en los trabajos, Jos\u00e9 Antonio Huerta y Rub\u00e9n Garc\u00eda.<\/p>\n","protected":false},"excerpt":{"rendered":"<p>Trece d\u00edas de labores de rescate terminaron en la madrugada del s\u00e1bado cuando dos mineros y&nbsp;un guardia civil de monta\u00f1a recuperaron el cad\u00e1ver de Julen&nbsp;del pozo de Total\u00e1n (M\u00e1laga). Tras la autopsia realizada al cuerpo del ni\u00f1o de dos a\u00f1os, las primeras hip\u00f3tesis apuntan que Julen, que presentaba numerosos traumatismos,&nbsp;falleci\u00f3 en la ca\u00edda al fondo [&hellip;]<\/p>\n","protected":false},"author":1,"featured_media":68456,"comment_status":"open","ping_status":"open","sticky":false,"template":"","format":"standard","meta":{"footnotes":""},"categories":[85,83],"tags":[],"class_list":["post-68455","post","type-post","status-publish","format-standard","has-post-thumbnail","hentry","category-espana","category-reportajes"],"_links":{"self":[{"href":"https:\/\/2horizontes.com\/index.php?rest_route=\/wp\/v2\/posts\/68455","targetHints":{"allow":["GET"]}}],"collection":[{"href":"https:\/\/2horizontes.com\/index.php?rest_route=\/wp\/v2\/posts"}],"about":[{"href":"https:\/\/2horizontes.com\/index.php?rest_route=\/wp\/v2\/types\/post"}],"author":[{"embeddable":true,"href":"https:\/\/2horizontes.com\/index.php?rest_route=\/wp\/v2\/users\/1"}],"replies":[{"embeddable":true,"href":"https:\/\/2horizontes.com\/index.php?rest_route=%2Fwp%2Fv2%2Fcomments&post=68455"}],"version-history":[{"count":2,"href":"https:\/\/2horizontes.com\/index.php?rest_route=\/wp\/v2\/posts\/68455\/revisions"}],"predecessor-version":[{"id":68458,"href":"https:\/\/2horizontes.com\/index.php?rest_route=\/wp\/v2\/posts\/68455\/revisions\/68458"}],"wp:featuredmedia":[{"embeddable":true,"href":"https:\/\/2horizontes.com\/index.php?rest_route=\/wp\/v2\/media\/68456"}],"wp:attachment":[{"href":"https:\/\/2horizontes.com\/index.php?rest_route=%2Fwp%2Fv2%2Fmedia&parent=68455"}],"wp:term":[{"taxonomy":"category","embeddable":true,"href":"https:\/\/2horizontes.com\/index.php?rest_route=%2Fwp%2Fv2%2Fcategories&post=68455"},{"taxonomy":"post_tag","embeddable":true,"href":"https:\/\/2horizontes.com\/index.php?rest_route=%2Fwp%2Fv2%2Ftags&post=68455"}],"curies":[{"name":"wp","href":"https:\/\/api.w.org\/{rel}","templated":true}]}}