{"id":68431,"date":"2019-01-26T14:21:42","date_gmt":"2019-01-26T13:21:42","guid":{"rendered":"http:\/\/2horizontes.com\/?p=68431"},"modified":"2019-01-26T14:21:44","modified_gmt":"2019-01-26T13:21:44","slug":"estos-son-los-ocho-mineros-que-trabajan-contrarreloj-para-rescatar-a-julen-del-pozo","status":"publish","type":"post","link":"https:\/\/2horizontes.com\/?p=68431","title":{"rendered":"Estos son los ocho mineros que trabajan contrarreloj para rescatar a Julen del pozo"},"content":{"rendered":"\n<p>Los efectivos de la Brigada de Salvamento Minero\u00a0han realizado ya dos metros de la galer\u00eda horizontal\u00a0que se excava para intentar encontrar a\u00a0Julen,\u00a0el ni\u00f1o de dos a\u00f1os que cay\u00f3 en un\u00a0<strong>pozo de m\u00e1s de 100 metros<\/strong>\u00a0de profundidad en Total\u00e1n (M\u00e1laga) hace doce d\u00edas. Las condiciones del terreno han obligado a realizar\u00a0<strong>dos microvoladuras.<\/strong><\/p>\n\n\n\n<p>Los\u00a0mineros\u00a0comenzaron en la tarde de este pasado jueves la excavaci\u00f3n de una galer\u00eda horizontal de unos cuatro metros para conectar el t\u00fanel vertical perforado previamente con el pozo en el que se encuentra el peque\u00f1o.<\/p>\n\n\n\n<p>La coordinaci\u00f3n de las complicadas tareas de rescate corre a cargo del director t\u00e9cnico de la brigada, el ingeniero Sergio Tu\u00f1\u00f3n, y el ingeniero t\u00e9cnico, Antonio Ortega. Otros seis especialistas completan el equipo, seg\u00fan informa\u00a0&#8216;La Nueva Espa\u00f1a&#8217;:\u00a0L\u00e1zaro Alves Guti\u00e9rrez, Maudillo Su\u00e1rez, Jos\u00e9 Antonio Huerta, Jes\u00fas Fern\u00e1ndez Prado, Rub\u00e9n Garc\u00eda Ares y Adri\u00e1n Villaroel.<\/p>\n\n\n\n<p>Ellos aseguran que no son h\u00e9roes, s\u00f3lo hombres que forman parte de un equipo en el que est\u00e1 la Guardia Civil y los bomberos. Seg\u00fan el delegado del Colegio de Ingenieros de Minas del Sur en M\u00e1laga,&nbsp;<strong>Juan L\u00f3pez-Escobar,&nbsp;<\/strong>\u00abest\u00e1n un poco abrumados por este seguimiento medi\u00e1tico\u00bb, aunque entienden la labor de los medios porque \u00abtoda Espa\u00f1a est\u00e9 pendiente\u00bb.<\/p>\n\n\n\n<p>Estos son los miembros de la brigada de salvamento.<\/p>\n\n\n\n<h3 class=\"wp-block-heading\">L\u00e1zaro Alves Guti\u00e9rrez:<\/h3>\n\n\n\n<p>Su padre, Eduardo Augusto Alves, portugu\u00e9s residente en Gij\u00f3n, muri\u00f3 en el accidente del Nicolasa en 1995, lo que le motiv\u00f3 a entrar en la Brigada de Salvamento.<\/p>\n\n\n\n<h3 class=\"wp-block-heading\">Maudillo Su\u00e1rez:<\/h3>\n\n\n\n<p>Lleva 10 a\u00f1os en la brigada. Entre otros rescates, ha participado en el del espele\u00f3logo vasco Jos\u00e9 Gambino, atrapado en la torca de Ara\u00f1aga en junio de 2017.<\/p>\n\n\n\n<h3 class=\"wp-block-heading\">Jos\u00e9 Antonio Huerta:<\/h3>\n\n\n\n<p>Es una de las incorporaciones m\u00e1s recientes. Hasta 2009 trabaj\u00f3 para la empresa Coto Minero Joven.<\/p>\n\n\n\n<h3 class=\"wp-block-heading\">Jes\u00fas Fern\u00e1ndez Prado:<\/h3>\n\n\n\n<p>Al contrario que su anterior compa\u00f1ero, es uno de los m\u00e1s veteranos. Tiene 10 a\u00f1os de experiencia y es aficionado al esqu\u00ed, la monta\u00f1a y el submarinismo.<\/p>\n\n\n\n<h3 class=\"wp-block-heading\">Rub\u00e9n Garc\u00eda Ares:<\/h3>\n\n\n\n<p>Una de las \u00faltimas incorporaciones a la brigada, de la comarca del Nal\u00f3n.<\/p>\n\n\n\n<h3 class=\"wp-block-heading\">Adri\u00e1n Villaroel:<\/h3>\n\n\n\n<p>Se uni\u00f3 a la Brigada de Salvamento en esta d\u00e9cada. Vive en la localidad de Villallana.<\/p>\n","protected":false},"excerpt":{"rendered":"<p>Los efectivos de la Brigada de Salvamento Minero\u00a0han realizado ya dos metros de la galer\u00eda horizontal\u00a0que se excava para intentar encontrar a\u00a0Julen,\u00a0el ni\u00f1o de dos a\u00f1os que cay\u00f3 en un\u00a0pozo de m\u00e1s de 100 metros\u00a0de profundidad en Total\u00e1n (M\u00e1laga) hace doce d\u00edas. Las condiciones del terreno han obligado a realizar\u00a0dos microvoladuras. Los\u00a0mineros\u00a0comenzaron en la tarde [&hellip;]<\/p>\n","protected":false},"author":1,"featured_media":68432,"comment_status":"open","ping_status":"open","sticky":false,"template":"","format":"standard","meta":{"footnotes":""},"categories":[85],"tags":[],"class_list":["post-68431","post","type-post","status-publish","format-standard","has-post-thumbnail","hentry","category-espana"],"_links":{"self":[{"href":"https:\/\/2horizontes.com\/index.php?rest_route=\/wp\/v2\/posts\/68431","targetHints":{"allow":["GET"]}}],"collection":[{"href":"https:\/\/2horizontes.com\/index.php?rest_route=\/wp\/v2\/posts"}],"about":[{"href":"https:\/\/2horizontes.com\/index.php?rest_route=\/wp\/v2\/types\/post"}],"author":[{"embeddable":true,"href":"https:\/\/2horizontes.com\/index.php?rest_route=\/wp\/v2\/users\/1"}],"replies":[{"embeddable":true,"href":"https:\/\/2horizontes.com\/index.php?rest_route=%2Fwp%2Fv2%2Fcomments&post=68431"}],"version-history":[{"count":1,"href":"https:\/\/2horizontes.com\/index.php?rest_route=\/wp\/v2\/posts\/68431\/revisions"}],"predecessor-version":[{"id":68433,"href":"https:\/\/2horizontes.com\/index.php?rest_route=\/wp\/v2\/posts\/68431\/revisions\/68433"}],"wp:featuredmedia":[{"embeddable":true,"href":"https:\/\/2horizontes.com\/index.php?rest_route=\/wp\/v2\/media\/68432"}],"wp:attachment":[{"href":"https:\/\/2horizontes.com\/index.php?rest_route=%2Fwp%2Fv2%2Fmedia&parent=68431"}],"wp:term":[{"taxonomy":"category","embeddable":true,"href":"https:\/\/2horizontes.com\/index.php?rest_route=%2Fwp%2Fv2%2Fcategories&post=68431"},{"taxonomy":"post_tag","embeddable":true,"href":"https:\/\/2horizontes.com\/index.php?rest_route=%2Fwp%2Fv2%2Ftags&post=68431"}],"curies":[{"name":"wp","href":"https:\/\/api.w.org\/{rel}","templated":true}]}}